{"id":604,"date":"2020-07-08T16:18:11","date_gmt":"2020-07-08T21:18:11","guid":{"rendered":"https:\/\/ecologiasdigitales.org\/?p=604"},"modified":"2020-07-08T17:50:08","modified_gmt":"2020-07-08T22:50:08","slug":"ecologias-digitales-2019","status":"publish","type":"post","link":"https:\/\/ecologiasdigitales.org\/en\/ecologias-digitales-2019\/","title":{"rendered":"Ecolog\u00edas Digitales 2019. Ex &#8211; presiones Culturales.\u00a0"},"content":{"rendered":"\n\n[et_pb_section fb_built=\u00bb1&#8243; _builder_version=\u00bb4.0.6&#8243; custom_padding=\u00bb0px|1px|1px|||\u00bb da_is_popup=\u00bboff\u00bb da_exit_intent=\u00bboff\u00bb da_has_close=\u00bbon\u00bb da_alt_close=\u00bboff\u00bb da_dark_close=\u00bboff\u00bb da_not_modal=\u00bbon\u00bb da_is_singular=\u00bboff\u00bb da_with_loader=\u00bboff\u00bb da_has_shadow=\u00bbon\u00bb da_disable_devices=\u00bboff|off|off\u00bb][et_pb_row admin_label=\u00bbOnline Learning\u00bb _builder_version=\u00bb3.25&#8243; background_size=\u00bbinitial\u00bb background_position=\u00bbtop_left\u00bb background_repeat=\u00bbrepeat\u00bb custom_margin=\u00bb-61px|auto|39px|auto||\u00bb custom_padding=\u00bb11px|0px|11px|0px|true|false\u00bb][et_pb_column type=\u00bb4_4&#8243; _builder_version=\u00bb3.25&#8243; custom_padding=\u00bb|||\u00bb custom_padding__hover=\u00bb|||\u00bb][et_pb_divider color=\u00bb#cc3366&#8243; divider_weight=\u00bb4px\u00bb disabled_on=\u00bbon|on|off\u00bb _builder_version=\u00bb3.23.4&#8243; background_size=\u00bbinitial\u00bb background_position=\u00bbtop_left\u00bb background_repeat=\u00bbrepeat\u00bb max_width=\u00bb40px\u00bb module_alignment=\u00bbleft\u00bb height=\u00bb0px\u00bb custom_margin=\u00bb||10px|\u00bb animation_style=\u00bbzoom\u00bb animation_direction=\u00bbleft\u00bb saved_tabs=\u00bball\u00bb locked=\u00bboff\u00bb][\/et_pb_divider][et_pb_blurb use_icon=\u00bbon\u00bb font_icon=\u00bb%%127%%\u00bb use_circle=\u00bbon\u00bb circle_color=\u00bb#ffffff\u00bb use_circle_border=\u00bbon\u00bb icon_placement=\u00bbleft\u00bb _builder_version=\u00bb3.24&#8243; custom_padding=\u00bb|530px|3px|||\u00bb][\/et_pb_blurb][et_pb_text text_font=\u00bb|300|||||||\u00bb text_text_color=\u00bb#666666&#8243; text_line_height=\u00bb1.4em\u00bb link_font=\u00bb||||||||\u00bb link_text_color=\u00bb#ffffff\u00bb header_font=\u00bbMontserrat|700|||||||\u00bb header_font_size=\u00bb42px\u00bb background_size=\u00bbinitial\u00bb background_position=\u00bbtop_left\u00bb background_repeat=\u00bbrepeat\u00bb custom_margin=\u00bb-20px||-1px|||\u00bb custom_padding=\u00bb0px||0px|||\u00bb header_font_size_last_edited=\u00bboff|desktop\u00bb header_3_font=\u00bbMontserrat||||||||\u00bb header_3_text_color=\u00bb#339999&#8243; _builder_version=\u00bb4.0.6&#8243; locked=\u00bboff\u00bb inline_fonts=\u00bbTHE BOLD FONT,Montserrat\u00bb]<h1>Ecolog\u00edas Digitales 2019. Ex &#8211; presiones Culturales.\u00a0<\/h1>\n<p>&nbsp;<\/p>\n<p><span><\/span><\/p>[\/et_pb_text][et_pb_text text_font=\u00bb||||||||\u00bb text_text_color=\u00bb#666666&#8243; text_line_height=\u00bb1.5em\u00bb link_font=\u00bb||||||||\u00bb link_text_color=\u00bb#ffffff\u00bb header_font=\u00bbMontserrat|700|||||||\u00bb header_font_size=\u00bb42px\u00bb background_size=\u00bbinitial\u00bb background_position=\u00bbtop_left\u00bb background_repeat=\u00bbrepeat\u00bb custom_margin=\u00bb14px||-1px|||\u00bb custom_padding=\u00bb0px|||||\u00bb header_font_size_last_edited=\u00bboff|desktop\u00bb header_3_font=\u00bbMontserrat||||||||\u00bb header_3_text_color=\u00bb#339999&#8243; _builder_version=\u00bb4.0.6&#8243; min_height=\u00bb194px\u00bb locked=\u00bboff\u00bb inline_fonts=\u00bbMontserrat\u00bb]<p><span>El Grupo de Investigaci\u00f3n Hipertr\u00f3pico, convergencia entre arte y tecnolog\u00eda de la Facultad de Artes de la Universidad de Antioquia, lidera desde el a\u00f1o 2008 la organizaci\u00f3n del evento acad\u00e9mico y expositivo Ecolog\u00edas Digitales, que se ha constituido como un espacio para el di\u00e1logo y la divulgaci\u00f3n sobre procesos culturales en los que confluyen el arte y la tecnolog\u00eda, dimensionando el potencial de lo tecnol\u00f3gico para activar acciones diversas que integran sujetos, m\u00e1quinas y espacios, y motivando la pluralidad cultural a trav\u00e9s de la participaci\u00f3n de m\u00faltiples agentes en procesos creativos y de construcci\u00f3n de conocimiento. En la octava versi\u00f3n de Ecolog\u00edas Digitales, se propone la met\u00e1fora de Ex-presiones Culturales para abordar propuestas creativas y est\u00e9ticas que, tras superar los usos instrumentales de lo tecnol\u00f3gico, evidencian formas de trascender estereotipos, determinismos e imposiciones sociales y pol\u00edticas, favoreciendo procesos de transformaci\u00f3n social a trav\u00e9s de la participaci\u00f3n, el intercambio y el trabajo colaborativo. Ex-presiones Culturales se llev\u00f3 a cabo entre los meses de mayo y septiembre del a\u00f1o 2019 en: el Museo Universitario Universidad de Antioquia -MUUA-, las Sala de Exposici\u00f3n del Edificio de Extensi\u00f3n y de la Biblioteca Central, UdeA, Crealab, Auditorio Planetario, Exploratorio, con diferentes componentes como: Seminario Acad\u00e9micos, Muestras Expositivas de procesos creativos, Laboratorios y Talleres y Charlas Magistrales.<\/span><\/p>\n<blockquote>\n<p><strong>Grupo de Investigaci\u00f3n Hipertr\u00f3pico. Equipo de trabajo interdisciplinar que reflexiona asuntos relacionados con la convergencia entre el arte y la tecnolog\u00eda en el \u00e1mbito local, nacional e internacional. Los intereses espec\u00edficos de reflexi\u00f3n te\u00f3rica y de experimentaci\u00f3n creativa se dan alrededor de aspectos como: Arte, TIC y Educaci\u00f3n; Software Libre; Arte y Medios. El grupo estructura su labor de manera integrada a los ejes misionales de la Universidad de Antioquia, a saber: La docencia, la investigaci\u00f3n y la extensi\u00f3n.<\/strong><\/p>\n<\/blockquote>\n<p><span><\/span><\/p>[\/et_pb_text][et_pb_video src=\u00bbhttps:\/\/www.youtube.com\/watch?v=xvIwTdLxWyI\u00bb _builder_version=\u00bb4.0.6&#8243; custom_margin=\u00bb8px||17px|||\u00bb custom_padding=\u00bb||24px|||\u00bb][\/et_pb_video][\/et_pb_column][\/et_pb_row][\/et_pb_section]\n\n","protected":false},"excerpt":{"rendered":"<p>Grupo de investigaci\u00f3n Hipertr\u00f3pico, convergencia entre arte y tecnolog\u00eda\t<\/p>","protected":false},"author":1,"featured_media":0,"comment_status":"closed","ping_status":"open","sticky":false,"template":"","format":"standard","meta":{"_et_pb_use_builder":"on","_et_pb_old_content":"","_et_gb_content_width":"1080","_coblocks_attr":"","_coblocks_dimensions":"","_coblocks_responsive_height":"","_coblocks_accordion_ie_support":"","om_disable_all_campaigns":false,"_monsterinsights_skip_tracking":false,"_monsterinsights_sitenote_active":false,"_monsterinsights_sitenote_note":"","_monsterinsights_sitenote_category":0,"_uf_show_specific_survey":0,"_uf_disable_surveys":false,"footnotes":""},"categories":[7],"tags":[],"class_list":["post-604","post","type-post","status-publish","format-standard","hentry","category-seminario"],"aioseo_notices":[],"_links":{"self":[{"href":"https:\/\/ecologiasdigitales.org\/en\/wp-json\/wp\/v2\/posts\/604","targetHints":{"allow":["GET"]}}],"collection":[{"href":"https:\/\/ecologiasdigitales.org\/en\/wp-json\/wp\/v2\/posts"}],"about":[{"href":"https:\/\/ecologiasdigitales.org\/en\/wp-json\/wp\/v2\/types\/post"}],"author":[{"embeddable":true,"href":"https:\/\/ecologiasdigitales.org\/en\/wp-json\/wp\/v2\/users\/1"}],"replies":[{"embeddable":true,"href":"https:\/\/ecologiasdigitales.org\/en\/wp-json\/wp\/v2\/comments?post=604"}],"version-history":[{"count":0,"href":"https:\/\/ecologiasdigitales.org\/en\/wp-json\/wp\/v2\/posts\/604\/revisions"}],"wp:attachment":[{"href":"https:\/\/ecologiasdigitales.org\/en\/wp-json\/wp\/v2\/media?parent=604"}],"wp:term":[{"taxonomy":"category","embeddable":true,"href":"https:\/\/ecologiasdigitales.org\/en\/wp-json\/wp\/v2\/categories?post=604"},{"taxonomy":"post_tag","embeddable":true,"href":"https:\/\/ecologiasdigitales.org\/en\/wp-json\/wp\/v2\/tags?post=604"}],"curies":[{"name":"wp","href":"https:\/\/api.w.org\/{rel}","templated":true}]}}