{"id":553,"date":"2020-07-08T15:35:03","date_gmt":"2020-07-08T20:35:03","guid":{"rendered":"https:\/\/ecologiasdigitales.org\/?p=553"},"modified":"2020-07-08T17:39:30","modified_gmt":"2020-07-08T22:39:30","slug":"bibliolabs","status":"publish","type":"post","link":"https:\/\/ecologiasdigitales.org\/en\/bibliolabs\/","title":{"rendered":"Bibliolabs, territorios en c\u00f3digo abierto y colaborativo: una metodolog\u00eda para la cocreaci\u00f3n en las bibliotecas p\u00fablicas de Medell\u00edn.\u00a0"},"content":{"rendered":"\n\n[et_pb_section fb_built=\u00bb1&#8243; _builder_version=\u00bb4.0.6&#8243; custom_padding=\u00bb0px|1px|1px|||\u00bb da_is_popup=\u00bboff\u00bb da_exit_intent=\u00bboff\u00bb da_has_close=\u00bbon\u00bb da_alt_close=\u00bboff\u00bb da_dark_close=\u00bboff\u00bb da_not_modal=\u00bbon\u00bb da_is_singular=\u00bboff\u00bb da_with_loader=\u00bboff\u00bb da_has_shadow=\u00bbon\u00bb da_disable_devices=\u00bboff|off|off\u00bb][et_pb_row admin_label=\u00bbOnline Learning\u00bb _builder_version=\u00bb3.25&#8243; background_size=\u00bbinitial\u00bb background_position=\u00bbtop_left\u00bb background_repeat=\u00bbrepeat\u00bb custom_margin=\u00bb-61px|auto|50px|auto||\u00bb custom_padding=\u00bb4px|0px|4px|0px|true|false\u00bb][et_pb_column type=\u00bb4_4&#8243; _builder_version=\u00bb3.25&#8243; custom_padding=\u00bb|||\u00bb custom_padding__hover=\u00bb|||\u00bb][et_pb_divider color=\u00bb#cc3366&#8243; divider_weight=\u00bb4px\u00bb disabled_on=\u00bbon|on|off\u00bb _builder_version=\u00bb3.23.4&#8243; background_size=\u00bbinitial\u00bb background_position=\u00bbtop_left\u00bb background_repeat=\u00bbrepeat\u00bb max_width=\u00bb40px\u00bb module_alignment=\u00bbleft\u00bb height=\u00bb0px\u00bb custom_margin=\u00bb||10px|\u00bb animation_style=\u00bbzoom\u00bb animation_direction=\u00bbleft\u00bb saved_tabs=\u00bball\u00bb locked=\u00bboff\u00bb][\/et_pb_divider][et_pb_blurb use_icon=\u00bbon\u00bb font_icon=\u00bb%%127%%\u00bb use_circle=\u00bbon\u00bb circle_color=\u00bb#ffffff\u00bb use_circle_border=\u00bbon\u00bb icon_placement=\u00bbleft\u00bb _builder_version=\u00bb3.24&#8243; custom_padding=\u00bb|530px|3px|||\u00bb][\/et_pb_blurb][et_pb_text text_font=\u00bb|300|||||||\u00bb text_text_color=\u00bb#666666&#8243; text_line_height=\u00bb1.4em\u00bb link_font=\u00bb||||||||\u00bb link_text_color=\u00bb#ffffff\u00bb header_font=\u00bbMontserrat|700|||||||\u00bb header_font_size=\u00bb42px\u00bb background_size=\u00bbinitial\u00bb background_position=\u00bbtop_left\u00bb background_repeat=\u00bbrepeat\u00bb custom_margin=\u00bb-20px||-1px|||\u00bb custom_padding=\u00bb0px|||||\u00bb header_font_size_last_edited=\u00bboff|desktop\u00bb header_3_font=\u00bbMontserrat||||||||\u00bb header_3_text_color=\u00bb#339999&#8243; _builder_version=\u00bb4.0.6&#8243; locked=\u00bboff\u00bb inline_fonts=\u00bbTHE BOLD FONT,Montserrat\u00bb]<h1><span>Bibliolabs, territorios en c\u00f3digo abierto y colaborativo: una metodolog\u00eda para la cocreaci\u00f3n en las bibliotecas p\u00fablicas de Medell\u00edn.\u00a0<\/span><\/h1>\n<p><span><\/span><\/p>[\/et_pb_text][et_pb_text text_font=\u00bb||||||||\u00bb text_text_color=\u00bb#666666&#8243; text_line_height=\u00bb1.5em\u00bb link_font=\u00bb||||||||\u00bb link_text_color=\u00bb#ffffff\u00bb header_font=\u00bbMontserrat|700|||||||\u00bb header_font_size=\u00bb42px\u00bb background_size=\u00bbinitial\u00bb background_position=\u00bbtop_left\u00bb background_repeat=\u00bbrepeat\u00bb custom_margin=\u00bb14px||-1px|||\u00bb custom_padding=\u00bb0px||0px|||\u00bb header_font_size_last_edited=\u00bboff|desktop\u00bb header_3_font=\u00bbMontserrat||||||||\u00bb header_3_text_color=\u00bb#339999&#8243; _builder_version=\u00bb4.0.6&#8243; min_height=\u00bb70px\u00bb locked=\u00bboff\u00bb inline_fonts=\u00bbMontserrat\u00bb]<p><span>El Sistema de Bibliotecas P\u00fablicas de Medell\u00edn ha integrado a sus actividades y servicios los usos de las tecnolog\u00edas de informaci\u00f3n y comunicaci\u00f3n a trav\u00e9s de la estrategia Bibliolabs, la cual se basa en la construcci\u00f3n de una metodolog\u00eda para la mediaci\u00f3n, la experimentaci\u00f3n, la creaci\u00f3n de conocimiento y el aprendizaje colaborativo entre los bibliotecarios y usuarios de las Unidades de Informaci\u00f3n. Este art\u00edculo describe c\u00f3mo fue su concepci\u00f3n y las acciones llevadas a cabo, as\u00ed como una propuesta de preguntas para una investigaci\u00f3n sobre su incidencia.<\/span><\/p>\n<blockquote>\n<p><strong>C\u00e9sar Alberto Mazo Monsalve. Comunicador Audiovisual del Polit\u00e9cnico Colombiano Jaime Isaza Cadavid. Especialista en Periodismo Electr\u00f3nico y Mag\u00edster en Comunicaci\u00f3n Digital de la Universidad Pontificia Bolivariana. Productor Audiovisual en Ara Films S.A. Docente Universitario en Polit\u00e9cnico Colombiano Jaime Isaza Cadavid, Universidad Pontificia Bolivariana y Universidad EAFIT. Articulador de Cultura Digital en el Sistema de Bibliotecas P\u00fablicas de Medell\u00edn. Ha realizado investigaciones sobre: Medios ciudadanos en internet, periodismo digital y producci\u00f3n de audiovisual comunitario.<\/strong><\/p>\n<\/blockquote>\n<p><span><\/span><\/p>[\/et_pb_text][et_pb_video src=\u00bbhttps:\/\/youtu.be\/kQMckmtNoCM\u00bb _builder_version=\u00bb4.0.6&#8243; custom_margin=\u00bb8px|||||\u00bb][\/et_pb_video][\/et_pb_column][\/et_pb_row][\/et_pb_section]\n\n","protected":false},"excerpt":{"rendered":"<p>C\u00e9sar Alberto Mazo Monsalve<\/p>","protected":false},"author":1,"featured_media":0,"comment_status":"closed","ping_status":"open","sticky":false,"template":"","format":"standard","meta":{"_et_pb_use_builder":"on","_et_pb_old_content":"","_et_gb_content_width":"1080","_coblocks_attr":"","_coblocks_dimensions":"","_coblocks_responsive_height":"","_coblocks_accordion_ie_support":"","om_disable_all_campaigns":false,"_monsterinsights_skip_tracking":false,"_monsterinsights_sitenote_active":false,"_monsterinsights_sitenote_note":"","_monsterinsights_sitenote_category":0,"_uf_show_specific_survey":0,"_uf_disable_surveys":false,"footnotes":""},"categories":[7],"tags":[],"class_list":["post-553","post","type-post","status-publish","format-standard","hentry","category-seminario"],"aioseo_notices":[],"_links":{"self":[{"href":"https:\/\/ecologiasdigitales.org\/en\/wp-json\/wp\/v2\/posts\/553","targetHints":{"allow":["GET"]}}],"collection":[{"href":"https:\/\/ecologiasdigitales.org\/en\/wp-json\/wp\/v2\/posts"}],"about":[{"href":"https:\/\/ecologiasdigitales.org\/en\/wp-json\/wp\/v2\/types\/post"}],"author":[{"embeddable":true,"href":"https:\/\/ecologiasdigitales.org\/en\/wp-json\/wp\/v2\/users\/1"}],"replies":[{"embeddable":true,"href":"https:\/\/ecologiasdigitales.org\/en\/wp-json\/wp\/v2\/comments?post=553"}],"version-history":[{"count":0,"href":"https:\/\/ecologiasdigitales.org\/en\/wp-json\/wp\/v2\/posts\/553\/revisions"}],"wp:attachment":[{"href":"https:\/\/ecologiasdigitales.org\/en\/wp-json\/wp\/v2\/media?parent=553"}],"wp:term":[{"taxonomy":"category","embeddable":true,"href":"https:\/\/ecologiasdigitales.org\/en\/wp-json\/wp\/v2\/categories?post=553"},{"taxonomy":"post_tag","embeddable":true,"href":"https:\/\/ecologiasdigitales.org\/en\/wp-json\/wp\/v2\/tags?post=553"}],"curies":[{"name":"wp","href":"https:\/\/api.w.org\/{rel}","templated":true}]}}