{"id":541,"date":"2020-07-08T15:23:46","date_gmt":"2020-07-08T20:23:46","guid":{"rendered":"https:\/\/ecologiasdigitales.org\/?p=541"},"modified":"2020-07-08T17:31:33","modified_gmt":"2020-07-08T22:31:33","slug":"agua-cero","status":"publish","type":"post","link":"https:\/\/ecologiasdigitales.org\/en\/agua-cero\/","title":{"rendered":"AGUA-CERO Plataforma digital de arte, educaci\u00f3n y curadur\u00eda alrededor de la problem\u00e1tica ambiental de la cuenca del r\u00edo Teusac\u00e1 (Cundinamarca)."},"content":{"rendered":"\n\n[et_pb_section fb_built=\u00bb1&#8243; _builder_version=\u00bb4.0.6&#8243; custom_padding=\u00bb0px|1px|1px|||\u00bb da_is_popup=\u00bboff\u00bb da_exit_intent=\u00bboff\u00bb da_has_close=\u00bbon\u00bb da_alt_close=\u00bboff\u00bb da_dark_close=\u00bboff\u00bb da_not_modal=\u00bbon\u00bb da_is_singular=\u00bboff\u00bb da_with_loader=\u00bboff\u00bb da_has_shadow=\u00bbon\u00bb da_disable_devices=\u00bboff|off|off\u00bb][et_pb_row admin_label=\u00bbOnline Learning\u00bb _builder_version=\u00bb3.25&#8243; background_size=\u00bbinitial\u00bb background_position=\u00bbtop_left\u00bb background_repeat=\u00bbrepeat\u00bb custom_margin=\u00bb-61px|auto|50px|auto||\u00bb custom_padding=\u00bb4px|0px|4px|0px|true|false\u00bb][et_pb_column type=\u00bb4_4&#8243; _builder_version=\u00bb3.25&#8243; custom_padding=\u00bb|||\u00bb custom_padding__hover=\u00bb|||\u00bb][et_pb_divider color=\u00bb#cc3366&#8243; divider_weight=\u00bb4px\u00bb disabled_on=\u00bbon|on|off\u00bb _builder_version=\u00bb3.23.4&#8243; background_size=\u00bbinitial\u00bb background_position=\u00bbtop_left\u00bb background_repeat=\u00bbrepeat\u00bb max_width=\u00bb40px\u00bb module_alignment=\u00bbleft\u00bb height=\u00bb0px\u00bb custom_margin=\u00bb||10px|\u00bb animation_style=\u00bbzoom\u00bb animation_direction=\u00bbleft\u00bb saved_tabs=\u00bball\u00bb locked=\u00bboff\u00bb][\/et_pb_divider][et_pb_blurb use_icon=\u00bbon\u00bb font_icon=\u00bb%%127%%\u00bb use_circle=\u00bbon\u00bb circle_color=\u00bb#ffffff\u00bb use_circle_border=\u00bbon\u00bb icon_placement=\u00bbleft\u00bb _builder_version=\u00bb3.24&#8243; custom_padding=\u00bb|530px|3px|||\u00bb][\/et_pb_blurb][et_pb_text text_font=\u00bb|300|||||||\u00bb text_text_color=\u00bb#666666&#8243; text_line_height=\u00bb1.4em\u00bb link_font=\u00bb||||||||\u00bb link_text_color=\u00bb#ffffff\u00bb header_font=\u00bbMontserrat|700|||||||\u00bb header_font_size=\u00bb42px\u00bb background_size=\u00bbinitial\u00bb background_position=\u00bbtop_left\u00bb background_repeat=\u00bbrepeat\u00bb custom_margin=\u00bb-20px||-1px|||\u00bb custom_padding=\u00bb0px|||||\u00bb header_font_size_last_edited=\u00bboff|desktop\u00bb header_3_font=\u00bbMontserrat||||||||\u00bb header_3_text_color=\u00bb#339999&#8243; _builder_version=\u00bb4.0.6&#8243; locked=\u00bboff\u00bb inline_fonts=\u00bbTHE BOLD FONT,Montserrat\u00bb]<h1><span>AGUA-CERO Plataforma digital de arte, educaci\u00f3n y curadur\u00eda alrededor de la problem\u00e1tica ambiental de la cuenca del r\u00edo Teusac\u00e1 (Cundinamarca).\u00a0<\/span>\u00a0<\/h1>\n<p><span><\/span><\/p>[\/et_pb_text][et_pb_text text_font=\u00bb||||||||\u00bb text_text_color=\u00bb#666666&#8243; text_line_height=\u00bb1.5em\u00bb link_font=\u00bb||||||||\u00bb link_text_color=\u00bb#ffffff\u00bb header_font=\u00bbMontserrat|700|||||||\u00bb header_font_size=\u00bb42px\u00bb background_size=\u00bbinitial\u00bb background_position=\u00bbtop_left\u00bb background_repeat=\u00bbrepeat\u00bb custom_margin=\u00bb14px||-1px|||\u00bb custom_padding=\u00bb0px||0px|||\u00bb header_font_size_last_edited=\u00bboff|desktop\u00bb header_3_font=\u00bbMontserrat||||||||\u00bb header_3_text_color=\u00bb#339999&#8243; _builder_version=\u00bb4.0.6&#8243; min_height=\u00bb70px\u00bb locked=\u00bboff\u00bb inline_fonts=\u00bbMontserrat\u00bb]<p><span>En el presente texto se establece el marco referencial y se describe el resultado de la creaci\u00f3n de una plataforma digital de arte, educaci\u00f3n y curadur\u00eda que aborda la problem\u00e1tica ambiental de la cuenca del r\u00edo Teusac\u00e1 (Cundinamarca) bajo el nombre Agua-cero. La plataforma se desarroll\u00f3 en la intersecci\u00f3n entre el campo de las Humanidades Digitales, las din\u00e1micas del arte contempor\u00e1neo y las teor\u00edas de aprendizaje denominadas Conectivismo y Construccionismo, al plantearse como un espacio generador de ejercicios de creaci\u00f3n colectiva entre habitantes de la cuenca, artistas, docentes y estudiantes de todos los niveles, en un di\u00e1logo entre los individuos, las instituciones, el espacio f\u00edsico y las posibilidades que ofrece la tecnolog\u00eda digital para reflexionar sobre la situaci\u00f3n del r\u00edo. El contenido de la base de datos de la plataforma se puede descargar, editar, intervenir, mezclar y organizar, de manera que la situaci\u00f3n ambiental a la que hace referencia pueda narrarse desde distintas aproximaciones y perspectivas, tanto conceptuales como t\u00e9cnicas y est\u00e9ticas<\/span>.<\/p>\n<blockquote>\n<p><strong>Sandra Vanessa Barrera S\u00e1nchez. Es Maestra en Arte y Mag\u00edster en Humanidades Digitales de la Universidad de los Andes. Creadora del Sal\u00f3n Maestro (exposici\u00f3n de arte con enfoque pedag\u00f3gico). Ha participado con su obra en varias exposiciones, as\u00ed como en charlas, foros y simposios con su trabajo art\u00edstico y pedag\u00f3gico. Actualmente ocupa el cargo de Directora del Centro de Estudios Art\u00edsticos del Colegio Gimnasio Campestre (Bogot\u00e1), donde desarrolla proyectos interdisciplinarios de car\u00e1cter colaborativo y es tutora de investigaci\u00f3n estudiantil y docente. Es miembro de la Red Colombiana de Humanidades Digitales, del grupo de visitantes ACE (Learning Architecture, learning Culture, Learning Ecology) de NEASC (New England Association of Schools and Colleges) y del grupo de aliados del Portal Compartir Palabra Maestra.<\/strong><\/p>\n<\/blockquote>\n<p><span><\/span><\/p>[\/et_pb_text][et_pb_video src=\u00bbhttps:\/\/youtu.be\/eXI1pLZ2R0A\u00bb _builder_version=\u00bb4.0.6&#8243; custom_margin=\u00bb8px|||||\u00bb][\/et_pb_video][\/et_pb_column][\/et_pb_row][\/et_pb_section]\n\n","protected":false},"excerpt":{"rendered":"<p>Sandra Vanessa Barrera S\u00e1nchez<\/p>","protected":false},"author":1,"featured_media":0,"comment_status":"closed","ping_status":"open","sticky":false,"template":"","format":"standard","meta":{"_et_pb_use_builder":"on","_et_pb_old_content":"","_et_gb_content_width":"1080","_coblocks_attr":"","_coblocks_dimensions":"","_coblocks_responsive_height":"","_coblocks_accordion_ie_support":"","om_disable_all_campaigns":false,"_monsterinsights_skip_tracking":false,"_monsterinsights_sitenote_active":false,"_monsterinsights_sitenote_note":"","_monsterinsights_sitenote_category":0,"_uf_show_specific_survey":0,"_uf_disable_surveys":false,"footnotes":""},"categories":[7],"tags":[],"class_list":["post-541","post","type-post","status-publish","format-standard","hentry","category-seminario"],"aioseo_notices":[],"_links":{"self":[{"href":"https:\/\/ecologiasdigitales.org\/en\/wp-json\/wp\/v2\/posts\/541","targetHints":{"allow":["GET"]}}],"collection":[{"href":"https:\/\/ecologiasdigitales.org\/en\/wp-json\/wp\/v2\/posts"}],"about":[{"href":"https:\/\/ecologiasdigitales.org\/en\/wp-json\/wp\/v2\/types\/post"}],"author":[{"embeddable":true,"href":"https:\/\/ecologiasdigitales.org\/en\/wp-json\/wp\/v2\/users\/1"}],"replies":[{"embeddable":true,"href":"https:\/\/ecologiasdigitales.org\/en\/wp-json\/wp\/v2\/comments?post=541"}],"version-history":[{"count":0,"href":"https:\/\/ecologiasdigitales.org\/en\/wp-json\/wp\/v2\/posts\/541\/revisions"}],"wp:attachment":[{"href":"https:\/\/ecologiasdigitales.org\/en\/wp-json\/wp\/v2\/media?parent=541"}],"wp:term":[{"taxonomy":"category","embeddable":true,"href":"https:\/\/ecologiasdigitales.org\/en\/wp-json\/wp\/v2\/categories?post=541"},{"taxonomy":"post_tag","embeddable":true,"href":"https:\/\/ecologiasdigitales.org\/en\/wp-json\/wp\/v2\/tags?post=541"}],"curies":[{"name":"wp","href":"https:\/\/api.w.org\/{rel}","templated":true}]}}