{"id":535,"date":"2020-07-08T15:20:05","date_gmt":"2020-07-08T20:20:05","guid":{"rendered":"https:\/\/ecologiasdigitales.org\/?p=535"},"modified":"2020-07-08T17:31:44","modified_gmt":"2020-07-08T22:31:44","slug":"arte-tecnologia-investigacion-itm","status":"publish","type":"post","link":"https:\/\/ecologiasdigitales.org\/en\/arte-tecnologia-investigacion-itm\/","title":{"rendered":"Arte, Tecnolog\u00eda e Investigaci\u00f3n. Perspectivas de la Maestr\u00eda en Artes Digitales del Instituto Tecnol\u00f3gico Metropolitano \u2013 ITM.\u00a0"},"content":{"rendered":"\n\n[et_pb_section fb_built=\u00bb1&#8243; _builder_version=\u00bb4.0.6&#8243; custom_padding=\u00bb0px|1px|1px|||\u00bb da_is_popup=\u00bboff\u00bb da_exit_intent=\u00bboff\u00bb da_has_close=\u00bbon\u00bb da_alt_close=\u00bboff\u00bb da_dark_close=\u00bboff\u00bb da_not_modal=\u00bbon\u00bb da_is_singular=\u00bboff\u00bb da_with_loader=\u00bboff\u00bb da_has_shadow=\u00bbon\u00bb da_disable_devices=\u00bboff|off|off\u00bb][et_pb_row admin_label=\u00bbOnline Learning\u00bb _builder_version=\u00bb3.25&#8243; background_size=\u00bbinitial\u00bb background_position=\u00bbtop_left\u00bb background_repeat=\u00bbrepeat\u00bb custom_margin=\u00bb-61px|auto|50px|auto||\u00bb custom_padding=\u00bb4px|0px|4px|0px|true|false\u00bb][et_pb_column type=\u00bb4_4&#8243; _builder_version=\u00bb3.25&#8243; custom_padding=\u00bb|||\u00bb custom_padding__hover=\u00bb|||\u00bb][et_pb_divider color=\u00bb#cc3366&#8243; divider_weight=\u00bb4px\u00bb disabled_on=\u00bbon|on|off\u00bb _builder_version=\u00bb3.23.4&#8243; background_size=\u00bbinitial\u00bb background_position=\u00bbtop_left\u00bb background_repeat=\u00bbrepeat\u00bb max_width=\u00bb40px\u00bb module_alignment=\u00bbleft\u00bb height=\u00bb0px\u00bb custom_margin=\u00bb||10px|\u00bb animation_style=\u00bbzoom\u00bb animation_direction=\u00bbleft\u00bb saved_tabs=\u00bball\u00bb locked=\u00bboff\u00bb][\/et_pb_divider][et_pb_blurb use_icon=\u00bbon\u00bb font_icon=\u00bb%%127%%\u00bb use_circle=\u00bbon\u00bb circle_color=\u00bb#ffffff\u00bb use_circle_border=\u00bbon\u00bb icon_placement=\u00bbleft\u00bb _builder_version=\u00bb3.24&#8243; custom_padding=\u00bb|530px|3px|||\u00bb][\/et_pb_blurb][et_pb_text text_font=\u00bb|300|||||||\u00bb text_text_color=\u00bb#666666&#8243; text_line_height=\u00bb1.4em\u00bb link_font=\u00bb||||||||\u00bb link_text_color=\u00bb#ffffff\u00bb header_font=\u00bbMontserrat|700|||||||\u00bb header_font_size=\u00bb42px\u00bb background_size=\u00bbinitial\u00bb background_position=\u00bbtop_left\u00bb background_repeat=\u00bbrepeat\u00bb custom_margin=\u00bb-20px||-1px|||\u00bb custom_padding=\u00bb0px|||||\u00bb header_font_size_last_edited=\u00bboff|desktop\u00bb header_3_font=\u00bbMontserrat||||||||\u00bb header_3_text_color=\u00bb#339999&#8243; _builder_version=\u00bb4.0.6&#8243; locked=\u00bboff\u00bb inline_fonts=\u00bbTHE BOLD FONT,Montserrat\u00bb]<h1><span>Arte, Tecnolog\u00eda e Investigaci\u00f3n. Perspectivas de la Maestr\u00eda en Artes Digitales del Instituto Tecnol\u00f3gico Metropolitano \u2013ITM.\u00a0<\/span><\/h1>\n<p><span><\/span><\/p>[\/et_pb_text][et_pb_text text_font=\u00bb||||||||\u00bb text_text_color=\u00bb#666666&#8243; text_line_height=\u00bb1.5em\u00bb link_font=\u00bb||||||||\u00bb link_text_color=\u00bb#ffffff\u00bb header_font=\u00bbMontserrat|700|||||||\u00bb header_font_size=\u00bb42px\u00bb background_size=\u00bbinitial\u00bb background_position=\u00bbtop_left\u00bb background_repeat=\u00bbrepeat\u00bb custom_margin=\u00bb14px||-1px|||\u00bb custom_padding=\u00bb0px||0px|||\u00bb header_font_size_last_edited=\u00bboff|desktop\u00bb header_3_font=\u00bbMontserrat||||||||\u00bb header_3_text_color=\u00bb#339999&#8243; _builder_version=\u00bb4.0.6&#8243; min_height=\u00bb70px\u00bb locked=\u00bboff\u00bb inline_fonts=\u00bbMontserrat\u00bb]<p><span>La Maestr\u00eda en Artes Digitales es un programa que vincula las artes con las \u00e1reas de la tecnolog\u00eda y la ingenier\u00eda, atendiendo a las nuevas necesidades generadas en el campo de la creaci\u00f3n y la investigaci\u00f3n art\u00edstica. Este programa est\u00e1 adscrito a la Facultad de Artes y Humanidades del Instituto Tecnol\u00f3gico Metropolitano, y cuenta con el apoyo de la Facultad de Ingenier\u00eda de la misma instituci\u00f3n. <\/span><\/p>\n<p><span>La denominaci\u00f3n de la Maestr\u00eda en Artes Digitales responde a los procesos de formaci\u00f3n en artes centrados en la vinculaci\u00f3n de nuevos desarrollos tecnol\u00f3gicos, que permiten la producci\u00f3n, promoci\u00f3n y divulgaci\u00f3n de obras art\u00edsticas. La tecnolog\u00eda se ofrece como un mecanismo de transmisi\u00f3n y transformaci\u00f3n de la cultura, por tanto, despierta un gran inter\u00e9s en las reflexiones de car\u00e1cter est\u00e9tico, sociol\u00f3gico y antropol\u00f3gico. <\/span><\/p>\n<p><span>Su enfoque se enmarca dentro del \u00e1rea de conocimiento de la producci\u00f3n de obras art\u00edsticas, su promoci\u00f3n y divulgaci\u00f3n a trav\u00e9s de medios digitales. Esto se debe al inter\u00e9s de la Facultad de Artes y Humanidades de promover programas que evidencien la vinculaci\u00f3n de la ciencia y la tecnolog\u00eda con los procesos de creaci\u00f3n art\u00edstica y los programas de desarrollo cultural de las regiones, en los cuales se forme de manera integral e interdisciplinar profesionales que conozcan las interacciones entre las pr\u00e1cticas art\u00edsticas y las nuevas tecnolog\u00edas en los contextos sociales locales y globales del mundo contempor\u00e1neo, y sean capaces de asumir su participaci\u00f3n activa en los procesos de transformaci\u00f3n sociocultural del pa\u00eds.<\/span><\/p>\n<blockquote>\n<p><strong>Jos\u00e9 Juli\u00e1n Cadavid Sierra. Ingeniero Electric\u00edsta de la Universidad Pontificia Bolivariana. Mag\u00edster en Artes Digitales del Instituto Tecnol\u00f3gico Metropolitano &#8211; ITM. Docente y Coordinador de la Maestr\u00eda en Artes Digitales de la Facultad de Artes y Humanidades del Instituto Tecnol\u00f3gico Metropolitano \u2013 ITM.<\/strong><\/p>\n<\/blockquote>\n<p><span><\/span><\/p>[\/et_pb_text][et_pb_video src=\u00bbhttps:\/\/youtu.be\/uxhWuKOknOM\u00bb _builder_version=\u00bb4.0.6&#8243; custom_margin=\u00bb8px|||||\u00bb][\/et_pb_video][\/et_pb_column][\/et_pb_row][\/et_pb_section]\n\n","protected":false},"excerpt":{"rendered":"<p>Jos\u00e9 Juli\u00e1n Cadavid y Oscar Alejandro Cardoso Guzm\u00e1n<\/p>","protected":false},"author":1,"featured_media":0,"comment_status":"closed","ping_status":"open","sticky":false,"template":"","format":"standard","meta":{"_et_pb_use_builder":"on","_et_pb_old_content":"","_et_gb_content_width":"1080","_coblocks_attr":"","_coblocks_dimensions":"","_coblocks_responsive_height":"","_coblocks_accordion_ie_support":"","om_disable_all_campaigns":false,"_monsterinsights_skip_tracking":false,"_monsterinsights_sitenote_active":false,"_monsterinsights_sitenote_note":"","_monsterinsights_sitenote_category":0,"_uf_show_specific_survey":0,"_uf_disable_surveys":false,"footnotes":""},"categories":[7],"tags":[],"class_list":["post-535","post","type-post","status-publish","format-standard","hentry","category-seminario"],"aioseo_notices":[],"_links":{"self":[{"href":"https:\/\/ecologiasdigitales.org\/en\/wp-json\/wp\/v2\/posts\/535","targetHints":{"allow":["GET"]}}],"collection":[{"href":"https:\/\/ecologiasdigitales.org\/en\/wp-json\/wp\/v2\/posts"}],"about":[{"href":"https:\/\/ecologiasdigitales.org\/en\/wp-json\/wp\/v2\/types\/post"}],"author":[{"embeddable":true,"href":"https:\/\/ecologiasdigitales.org\/en\/wp-json\/wp\/v2\/users\/1"}],"replies":[{"embeddable":true,"href":"https:\/\/ecologiasdigitales.org\/en\/wp-json\/wp\/v2\/comments?post=535"}],"version-history":[{"count":0,"href":"https:\/\/ecologiasdigitales.org\/en\/wp-json\/wp\/v2\/posts\/535\/revisions"}],"wp:attachment":[{"href":"https:\/\/ecologiasdigitales.org\/en\/wp-json\/wp\/v2\/media?parent=535"}],"wp:term":[{"taxonomy":"category","embeddable":true,"href":"https:\/\/ecologiasdigitales.org\/en\/wp-json\/wp\/v2\/categories?post=535"},{"taxonomy":"post_tag","embeddable":true,"href":"https:\/\/ecologiasdigitales.org\/en\/wp-json\/wp\/v2\/tags?post=535"}],"curies":[{"name":"wp","href":"https:\/\/api.w.org\/{rel}","templated":true}]}}