{"id":510,"date":"2020-07-08T00:20:17","date_gmt":"2020-07-08T05:20:17","guid":{"rendered":"https:\/\/ecologiasdigitales.org\/?p=510"},"modified":"2020-07-08T17:28:48","modified_gmt":"2020-07-08T22:28:48","slug":"creacion-audiovisual-tiempo-real","status":"publish","type":"post","link":"https:\/\/ecologiasdigitales.org\/en\/creacion-audiovisual-tiempo-real\/","title":{"rendered":"Creaci\u00f3n Audiovisual en tiempo real en Medell\u00edn: Procesos colectivos de Live Visual Art y Live Cinema a partir de la estrategia del Semillero de Investigaci\u00f3n."},"content":{"rendered":"\n\n\n[et_pb_section fb_built=\u00bb1&#8243; _builder_version=\u00bb4.0.6&#8243; custom_padding=\u00bb0px|1px|1px|||\u00bb da_is_popup=\u00bboff\u00bb da_exit_intent=\u00bboff\u00bb da_has_close=\u00bbon\u00bb da_alt_close=\u00bboff\u00bb da_dark_close=\u00bboff\u00bb da_not_modal=\u00bbon\u00bb da_is_singular=\u00bboff\u00bb da_with_loader=\u00bboff\u00bb da_has_shadow=\u00bbon\u00bb da_disable_devices=\u00bboff|off|off\u00bb][et_pb_row admin_label=\u00bbOnline Learning\u00bb _builder_version=\u00bb3.25&#8243; background_size=\u00bbinitial\u00bb background_position=\u00bbtop_left\u00bb background_repeat=\u00bbrepeat\u00bb custom_margin=\u00bb-61px|auto|50px|auto||\u00bb custom_padding=\u00bb4px|0px|4px|0px|true|false\u00bb][et_pb_column type=\u00bb4_4&#8243; _builder_version=\u00bb3.25&#8243; custom_padding=\u00bb|||\u00bb custom_padding__hover=\u00bb|||\u00bb][et_pb_divider color=\u00bb#cc3366&#8243; divider_weight=\u00bb4px\u00bb disabled_on=\u00bbon|on|off\u00bb _builder_version=\u00bb3.23.4&#8243; background_size=\u00bbinitial\u00bb background_position=\u00bbtop_left\u00bb background_repeat=\u00bbrepeat\u00bb max_width=\u00bb40px\u00bb module_alignment=\u00bbleft\u00bb height=\u00bb0px\u00bb custom_margin=\u00bb||10px|\u00bb animation_style=\u00bbzoom\u00bb animation_direction=\u00bbleft\u00bb saved_tabs=\u00bball\u00bb locked=\u00bboff\u00bb][\/et_pb_divider][et_pb_blurb use_icon=\u00bbon\u00bb font_icon=\u00bb%%127%%\u00bb use_circle=\u00bbon\u00bb circle_color=\u00bb#ffffff\u00bb use_circle_border=\u00bbon\u00bb icon_placement=\u00bbleft\u00bb _builder_version=\u00bb3.24&#8243; custom_padding=\u00bb|530px|3px|||\u00bb][\/et_pb_blurb][et_pb_text text_font=\u00bb|300|||||||\u00bb text_text_color=\u00bb#666666&#8243; text_line_height=\u00bb1.4em\u00bb link_font=\u00bb||||||||\u00bb link_text_color=\u00bb#ffffff\u00bb header_font=\u00bbMontserrat|700|||||||\u00bb header_font_size=\u00bb42px\u00bb background_size=\u00bbinitial\u00bb background_position=\u00bbtop_left\u00bb background_repeat=\u00bbrepeat\u00bb custom_margin=\u00bb-20px||-1px|||\u00bb custom_padding=\u00bb0px|||||\u00bb header_font_size_last_edited=\u00bboff|desktop\u00bb header_3_font=\u00bbMontserrat||||||||\u00bb header_3_text_color=\u00bb#339999&#8243; _builder_version=\u00bb4.0.6&#8243; locked=\u00bboff\u00bb inline_fonts=\u00bbTHE BOLD FONT,Montserrat\u00bb]<h1><span>Creaci\u00f3n Audiovisual en tiempo real en Medell\u00edn: Procesos colectivos de Live Visual Art y Live Cinema a partir de la estrategia del Semillero de Investigaci\u00f3n.<br \/> <\/span><\/h1>\n<p><span><\/span><\/p>[\/et_pb_text][et_pb_text text_font=\u00bb||||||||\u00bb text_text_color=\u00bb#666666&#8243; text_line_height=\u00bb1.5em\u00bb link_font=\u00bb||||||||\u00bb link_text_color=\u00bb#ffffff\u00bb header_font=\u00bbMontserrat|700|||||||\u00bb header_font_size=\u00bb42px\u00bb background_size=\u00bbinitial\u00bb background_position=\u00bbtop_left\u00bb background_repeat=\u00bbrepeat\u00bb custom_margin=\u00bb14px||-1px|||\u00bb custom_padding=\u00bb0px||0px|||\u00bb header_font_size_last_edited=\u00bboff|desktop\u00bb header_3_font=\u00bbMontserrat||||||||\u00bb header_3_text_color=\u00bb#339999&#8243; _builder_version=\u00bb4.0.6&#8243; min_height=\u00bb70px\u00bb locked=\u00bboff\u00bb inline_fonts=\u00bbMontserrat\u00bb]<p><span>La creaci\u00f3n de laboratorios art\u00edsticos que pueden convertirse en semilleros de investigaci\u00f3n &#8211; creaci\u00f3n, propone formas alternativas dentro del ejercicio de la pr\u00e1ctica art\u00edstica contempor\u00e1nea, las cuales se formalizan a trav\u00e9s de actos visuales en vivo o desde el performance audiovisuales, con la producci\u00f3n original de sus contenidos conceptuales y visuales, rompiendo el canon tradicional de representaci\u00f3n a trav\u00e9s de t\u00e9cnicas novedosas como el Live Cinema<\/span>.<\/p>\n<blockquote>\n<p><strong>Liliana Correa Rodr\u00edguez. Maestra en Artes Pl\u00e1sticas y Especialista en Creaci\u00f3n Fotogr\u00e1fica de la Universidad de Antioquia. Mag\u00edster en Antropolog\u00eda Visual, de FLACSO. Profesora del Departamento de Artes Visuales en la Facultad de Artes de la Universidad de Antioquia. Trabaja en procesos experimentales y colaborativos de co-creaci\u00f3n. Dirige el Semillero de Investigaci\u00f3n en Imagen T\u00e9cnica y Narrativas Experimentales. Ha recibido diversos reconocimientos por su labor art\u00edstica entre los que se destacan: el Premio Artes Visuales en el 43 Sal\u00f3n Nacional de Artes Visuales; versi\u00f3n 48 de los Premios Nacionales de Cultura &#8211; Universidad de Antioquia y la beca de creaci\u00f3n a proyecto fotogr\u00e1fico otorgada por la Secretar\u00eda de Cultura Ciudadana, Alcald\u00eda de Medell\u00edn, con la propuesta Barroco Tropical: Herencias Generacionales.<\/strong><\/p>\n<\/blockquote>\n<p><span><\/span><\/p>[\/et_pb_text][et_pb_video src=\u00bbhttps:\/\/youtu.be\/mvJNGAdOsIk\u00bb _builder_version=\u00bb4.0.6&#8243; custom_margin=\u00bb30px|||||\u00bb][\/et_pb_video][\/et_pb_column][\/et_pb_row][\/et_pb_section]\n\n\n","protected":false},"excerpt":{"rendered":"<p>Liliana Patricia Correa Rodr\u00edguez, Juli\u00e1n Bedoya Santamar\u00eda, Karena Fern\u00e1ndez Cardona<\/p>","protected":false},"author":1,"featured_media":0,"comment_status":"closed","ping_status":"open","sticky":false,"template":"","format":"standard","meta":{"_et_pb_use_builder":"on","_et_pb_old_content":"","_et_gb_content_width":"","_coblocks_attr":"","_coblocks_dimensions":"","_coblocks_responsive_height":"","_coblocks_accordion_ie_support":"","om_disable_all_campaigns":false,"_monsterinsights_skip_tracking":false,"_monsterinsights_sitenote_active":false,"_monsterinsights_sitenote_note":"","_monsterinsights_sitenote_category":0,"_uf_show_specific_survey":0,"_uf_disable_surveys":false,"footnotes":""},"categories":[7],"tags":[],"class_list":["post-510","post","type-post","status-publish","format-standard","hentry","category-seminario"],"aioseo_notices":[],"_links":{"self":[{"href":"https:\/\/ecologiasdigitales.org\/en\/wp-json\/wp\/v2\/posts\/510","targetHints":{"allow":["GET"]}}],"collection":[{"href":"https:\/\/ecologiasdigitales.org\/en\/wp-json\/wp\/v2\/posts"}],"about":[{"href":"https:\/\/ecologiasdigitales.org\/en\/wp-json\/wp\/v2\/types\/post"}],"author":[{"embeddable":true,"href":"https:\/\/ecologiasdigitales.org\/en\/wp-json\/wp\/v2\/users\/1"}],"replies":[{"embeddable":true,"href":"https:\/\/ecologiasdigitales.org\/en\/wp-json\/wp\/v2\/comments?post=510"}],"version-history":[{"count":0,"href":"https:\/\/ecologiasdigitales.org\/en\/wp-json\/wp\/v2\/posts\/510\/revisions"}],"wp:attachment":[{"href":"https:\/\/ecologiasdigitales.org\/en\/wp-json\/wp\/v2\/media?parent=510"}],"wp:term":[{"taxonomy":"category","embeddable":true,"href":"https:\/\/ecologiasdigitales.org\/en\/wp-json\/wp\/v2\/categories?post=510"},{"taxonomy":"post_tag","embeddable":true,"href":"https:\/\/ecologiasdigitales.org\/en\/wp-json\/wp\/v2\/tags?post=510"}],"curies":[{"name":"wp","href":"https:\/\/api.w.org\/{rel}","templated":true}]}}