{"id":401,"date":"2020-07-07T22:11:58","date_gmt":"2020-07-08T03:11:58","guid":{"rendered":"https:\/\/ecologiasdigitales.org\/?p=401"},"modified":"2020-07-08T00:00:40","modified_gmt":"2020-07-08T05:00:40","slug":"jornada-de-dialogo","status":"publish","type":"post","link":"https:\/\/ecologiasdigitales.org\/en\/jornada-de-dialogo\/","title":{"rendered":"Jornada de di\u00e1logo acad\u00e9mico t\u00edteres, tecnolog\u00eda, trabajo comunitario y primera infancia."},"content":{"rendered":"\n[et_pb_section fb_built=\u00bb1&#8243; _builder_version=\u00bb4.0.6&#8243; custom_padding=\u00bb2px||17px|||\u00bb da_disable_devices=\u00bboff|off|off\u00bb da_is_popup=\u00bboff\u00bb da_exit_intent=\u00bboff\u00bb da_has_close=\u00bbon\u00bb da_alt_close=\u00bboff\u00bb da_dark_close=\u00bboff\u00bb da_not_modal=\u00bbon\u00bb da_is_singular=\u00bboff\u00bb da_with_loader=\u00bboff\u00bb da_has_shadow=\u00bbon\u00bb][et_pb_row _builder_version=\u00bb4.0.6&#8243; custom_padding=\u00bb13px|||||\u00bb][et_pb_column type=\u00bb4_4&#8243; _builder_version=\u00bb4.0.6&#8243;][et_pb_divider color=\u00bb#cc3366&#8243; divider_weight=\u00bb4px\u00bb disabled_on=\u00bbon|on|off\u00bb _builder_version=\u00bb4.0.6&#8243; background_size=\u00bbinitial\u00bb background_position=\u00bbtop_left\u00bb background_repeat=\u00bbrepeat\u00bb max_width=\u00bb40px\u00bb module_alignment=\u00bbleft\u00bb height=\u00bb0px\u00bb custom_margin=\u00bb||10px|\u00bb animation_style=\u00bbzoom\u00bb animation_direction=\u00bbleft\u00bb saved_tabs=\u00bball\u00bb locked=\u00bboff\u00bb][\/et_pb_divider][et_pb_blurb use_icon=\u00bbon\u00bb font_icon=\u00bb%%86%%\u00bb use_circle=\u00bbon\u00bb circle_color=\u00bb#ffffff\u00bb use_circle_border=\u00bbon\u00bb icon_placement=\u00bbleft\u00bb _builder_version=\u00bb4.0.6&#8243; custom_padding=\u00bb|549px|7px|||\u00bb][\/et_pb_blurb][et_pb_text _builder_version=\u00bb4.4.9&#8243; text_font=\u00bb|300|||||||\u00bb text_text_color=\u00bb#666666&#8243; text_line_height=\u00bb1.4em\u00bb link_font=\u00bb||||||||\u00bb link_text_color=\u00bb#ffffff\u00bb header_font=\u00bbMontserrat|700|||||||\u00bb header_font_size=\u00bb42px\u00bb header_3_font=\u00bbMontserrat||||||||\u00bb header_3_text_color=\u00bb#339999&#8243; background_size=\u00bbinitial\u00bb background_position=\u00bbtop_left\u00bb background_repeat=\u00bbrepeat\u00bb custom_margin=\u00bb-20px||-1px|||\u00bb custom_padding=\u00bb0px|||||\u00bb header_font_size_last_edited=\u00bboff|desktop\u00bb locked=\u00bboff\u00bb inline_fonts=\u00bbTHE BOLD FONT\u00bb]<h1>Jornada de di\u00e1logo acad\u00e9mico t\u00edteres, tecnolog\u00eda, trabajo comunitario<span style=\"color: #cc3366;\"> y primera infancia.<\/span><\/h1>[\/et_pb_text][\/et_pb_column][\/et_pb_row][et_pb_row use_custom_gutter=\u00bbon\u00bb gutter_width=\u00bb1&#8243; _builder_version=\u00bb4.0.6&#8243; custom_margin=\u00bb-4px||-15px|||\u00bb custom_padding=\u00bb1px|||||\u00bb][et_pb_column type=\u00bb4_4&#8243; _builder_version=\u00bb4.0.6&#8243;][et_pb_gallery posts_number=\u00bb8&#8243; show_title_and_caption=\u00bboff\u00bb zoom_icon_color=\u00bb#cc3366&#8243; hover_icon=\u00bb%%13%%\u00bb _builder_version=\u00bb4.4.9&#8243; custom_margin=\u00bb15px|0px|0px|0px|false|false\u00bb custom_padding=\u00bb0px|0px|0px|0px|false|false\u00bb hover_enabled=\u00bb0&#8243; gallery_ids=\u00bb493,494,495,496&#8243;][\/et_pb_gallery][\/et_pb_column][\/et_pb_row][et_pb_row column_structure=\u00bb1_2,1_2&#8243; _builder_version=\u00bb4.0.6&#8243; custom_padding=\u00bb||0px|||\u00bb locked=\u00bboff\u00bb][et_pb_column type=\u00bb1_2&#8243; _builder_version=\u00bb4.0.6&#8243;][et_pb_text _builder_version=\u00bb4.0.6&#8243; text_font=\u00bb||||||||\u00bb text_text_color=\u00bb#666666&#8243; text_line_height=\u00bb1.4em\u00bb link_font=\u00bb||||||||\u00bb link_text_color=\u00bb#ffffff\u00bb header_font=\u00bbMontserrat|700|||||||\u00bb header_font_size=\u00bb42px\u00bb header_3_font=\u00bbTHE BOLD FONT||||||||\u00bb header_3_text_color=\u00bb#339999&#8243; background_size=\u00bbinitial\u00bb background_position=\u00bbtop_left\u00bb background_repeat=\u00bbrepeat\u00bb custom_margin=\u00bb-3px||-1px|||\u00bb custom_padding=\u00bb0px|||||\u00bb header_font_size_last_edited=\u00bboff|desktop\u00bb inline_fonts=\u00bbTHE BOLD FONT,Montserrat\u00bb]<p>En el marco del evento acad\u00e9mico y expositivo Ecolog\u00edas Digitales 2019, el grupo Hipertr\u00f3pico convoc\u00f3 a profesores, investigadores y artistas a participar del di\u00e1logo acad\u00e9mico sobre las potencialidades y posibilidades creativas, investigativas y educativas derivadas de las relaciones dadas entre: t\u00edteres, tecnolog\u00eda, trabajo comunitario y primera infancia.<\/p>\n<p>El encuentro estuvo moderado por la profesora Isabel Cristina Restrepo Acevedo, Coordinadora del Grupo de Investigaci\u00f3n Hipertr\u00f3pico, quien orient\u00f3 la conversaci\u00f3n de acuerdo a las siguientes preguntas:<\/p>\n<blockquote>\n<p>El t\u00edtere como fen\u00f3meno se refiere a la relaci\u00f3n de un objeto con una fuerza que lo manipula, a la existencia de un p\u00fablico que presencia la acci\u00f3n y a c\u00f3mo \u00e9ste comparte la ilusi\u00f3n de vida otorgada a dicho objeto. En este sentido, desde sus procesos y experiencias:<\/p>\n<\/blockquote>\n<ul>\n<li><em><strong>\u00bfCu\u00e1les son esos objetos? \u00bfc\u00f3mo es la manipulaci\u00f3n? \u00bfcu\u00e1les son las caracter\u00edsticas del p\u00fablico? y \u00bfqu\u00e9 \u201chistorias de vida\u201d animan a dichos objetos?<\/strong><\/em><\/li>\n<li><em><strong>\u00bfC\u00f3mo logran que el p\u00fablico se haga c\u00f3mplice de la vida del objeto? \u00bfSiempre ser\u00e1 necesario evidenciar la fuerza que lo manipula?\u00a0<\/strong><\/em><\/li>\n<\/ul>\n<blockquote>\n<p>El t\u00edtere le permite al p\u00fablico pensar en otra realidad, en otros mundos posibles. Si consideramos que \u00e9ste p\u00fablico son ni\u00f1os:<\/p>\n<\/blockquote>\n<ul>\n<li><strong><em>\u00bfDe qu\u00e9 manera se pueden motivar para que, una vez finalizada la experiencia, contin\u00faen expandiendo y enriqueciendo esas otras realidades?<\/em><\/strong><\/li>\n<\/ul>\n<p>&nbsp;<\/p>[\/et_pb_text][\/et_pb_column][et_pb_column type=\u00bb1_2&#8243; _builder_version=\u00bb4.0.6&#8243;][et_pb_video src=\u00bbhttps:\/\/ecologiasdigitales.org\/wp-content\/uploads\/2020\/07\/Charla_virtual_titeres_humanos_maquinas_20190619.mp4&#8243; _builder_version=\u00bb4.4.9&#8243;][\/et_pb_video][et_pb_text _builder_version=\u00bb4.0.6&#8243; text_font=\u00bb||||||||\u00bb text_text_color=\u00bb#666666&#8243; text_line_height=\u00bb1.4em\u00bb link_font=\u00bb||||||||\u00bb link_text_color=\u00bb#ffffff\u00bb header_font=\u00bbMontserrat|700|||||||\u00bb header_font_size=\u00bb42px\u00bb header_3_font=\u00bbTHE BOLD FONT||||||||\u00bb header_3_text_color=\u00bb#339999&#8243; background_size=\u00bbinitial\u00bb background_position=\u00bbtop_left\u00bb background_repeat=\u00bbrepeat\u00bb min_height=\u00bb159px\u00bb custom_margin=\u00bb22px||23px|-8px||\u00bb custom_padding=\u00bb|||5px||\u00bb header_font_size_last_edited=\u00bboff|desktop\u00bb inline_fonts=\u00bbTHE BOLD FONT,Montserrat\u00bb]<p>En \u00e9sta jornada de di\u00e1logo acad\u00e9mico participaron: el profesor e investigador Michael Nitsche, de Georgia Institute of Technology (EEUU) a trav\u00e9s de video conferencia; el profesor Juan Manuel Perdomo Restrepo, vinculado al \u00c1rea del Educaci\u00f3n del Museo Universitario Universidad de Antioquia; el artista y profesor V\u00edctor Andr\u00e9s Mu\u00f1oz Mart\u00ednez, vinculado al equipo de mediaci\u00f3n del Museo Casa de la Memoria (Medell\u00edn); el artista Mauricio Galeano Vargas, Gerente Art\u00edstico en Gaira (Bogot\u00e1); el profesor Mauricio Celis \u00c1lvarez, del Departamento de Artes Esc\u00e9nicas de la Facultad de Artes de la Universidad de Antioquia; el profesor e investigador Cristian Camilo Ot\u00e1lvaro Quintero, de Ude@ Educaci\u00f3n Virtual de la Universidad de Antioquia.<\/p>[\/et_pb_text][\/et_pb_column][\/et_pb_row][et_pb_row _builder_version=\u00bb4.0.6&#8243; custom_padding=\u00bb||0px|||\u00bb][et_pb_column type=\u00bb4_4&#8243; _builder_version=\u00bb4.0.6&#8243;][et_pb_divider divider_style=\u00bbdotted\u00bb divider_position=\u00bbcenter\u00bb _builder_version=\u00bb4.0.6&#8243; custom_margin=\u00bb-10px||18px|||\u00bb][\/et_pb_divider][\/et_pb_column][\/et_pb_row][\/et_pb_section]\n","protected":false},"excerpt":{"rendered":"<p>Jornada de di\u00e1logo acad\u00e9mico t\u00edteres, tecnolog\u00eda, trabajo comunitario y primera infancia.En el marco del evento acad\u00e9mico y expositivo Ecolog\u00edas Digitales 2019, el grupo Hipertr\u00f3pico convoc\u00f3 a profesores, investigadores y artistas a participar del di\u00e1logo acad\u00e9mico sobre las potencialidades y posibilidades creativas, investigativas y educativas derivadas de las relaciones dadas entre: t\u00edteres, tecnolog\u00eda, trabajo comunitario y [&hellip;]<\/p>\n","protected":false},"author":1,"featured_media":495,"comment_status":"closed","ping_status":"open","sticky":false,"template":"","format":"standard","meta":{"_et_pb_use_builder":"on","_et_pb_old_content":"","_et_gb_content_width":"1080","_coblocks_attr":"","_coblocks_dimensions":"","_coblocks_responsive_height":"","_coblocks_accordion_ie_support":"","om_disable_all_campaigns":false,"_monsterinsights_skip_tracking":false,"_monsterinsights_sitenote_active":false,"_monsterinsights_sitenote_note":"","_monsterinsights_sitenote_category":0,"_uf_show_specific_survey":0,"_uf_disable_surveys":false,"footnotes":""},"categories":[5],"tags":[],"class_list":["post-401","post","type-post","status-publish","format-standard","has-post-thumbnail","hentry","category-charlas"],"aioseo_notices":[],"_links":{"self":[{"href":"https:\/\/ecologiasdigitales.org\/en\/wp-json\/wp\/v2\/posts\/401","targetHints":{"allow":["GET"]}}],"collection":[{"href":"https:\/\/ecologiasdigitales.org\/en\/wp-json\/wp\/v2\/posts"}],"about":[{"href":"https:\/\/ecologiasdigitales.org\/en\/wp-json\/wp\/v2\/types\/post"}],"author":[{"embeddable":true,"href":"https:\/\/ecologiasdigitales.org\/en\/wp-json\/wp\/v2\/users\/1"}],"replies":[{"embeddable":true,"href":"https:\/\/ecologiasdigitales.org\/en\/wp-json\/wp\/v2\/comments?post=401"}],"version-history":[{"count":0,"href":"https:\/\/ecologiasdigitales.org\/en\/wp-json\/wp\/v2\/posts\/401\/revisions"}],"wp:featuredmedia":[{"embeddable":true,"href":"https:\/\/ecologiasdigitales.org\/en\/wp-json\/wp\/v2\/media\/495"}],"wp:attachment":[{"href":"https:\/\/ecologiasdigitales.org\/en\/wp-json\/wp\/v2\/media?parent=401"}],"wp:term":[{"taxonomy":"category","embeddable":true,"href":"https:\/\/ecologiasdigitales.org\/en\/wp-json\/wp\/v2\/categories?post=401"},{"taxonomy":"post_tag","embeddable":true,"href":"https:\/\/ecologiasdigitales.org\/en\/wp-json\/wp\/v2\/tags?post=401"}],"curies":[{"name":"wp","href":"https:\/\/api.w.org\/{rel}","templated":true}]}}