{"id":400,"date":"2020-07-07T22:50:16","date_gmt":"2020-07-08T03:50:16","guid":{"rendered":"https:\/\/ecologiasdigitales.org\/?p=400"},"modified":"2020-07-08T00:06:14","modified_gmt":"2020-07-08T05:06:14","slug":"la-imagen-audiovisual-en-el-espacio-del-arte-y-el-tiempo-del-post-cine","status":"publish","type":"post","link":"https:\/\/ecologiasdigitales.org\/en\/la-imagen-audiovisual-en-el-espacio-del-arte-y-el-tiempo-del-post-cine\/","title":{"rendered":"La imagen audiovisual en el espacio del arte y el tiempo del Post-cine"},"content":{"rendered":"\n[et_pb_section fb_built=\u00bb1&#8243; _builder_version=\u00bb4.0.6&#8243; custom_margin=\u00bb-14px|||||\u00bb custom_padding=\u00bb0px||17px|||\u00bb da_disable_devices=\u00bboff|off|off\u00bb da_is_popup=\u00bboff\u00bb da_exit_intent=\u00bboff\u00bb da_has_close=\u00bbon\u00bb da_alt_close=\u00bboff\u00bb da_dark_close=\u00bboff\u00bb da_not_modal=\u00bbon\u00bb da_is_singular=\u00bboff\u00bb da_with_loader=\u00bboff\u00bb da_has_shadow=\u00bbon\u00bb][et_pb_row _builder_version=\u00bb4.0.6&#8243;][et_pb_column type=\u00bb4_4&#8243; _builder_version=\u00bb4.0.6&#8243;][et_pb_divider color=\u00bb#cc3366&#8243; divider_weight=\u00bb4px\u00bb disabled_on=\u00bbon|on|off\u00bb _builder_version=\u00bb4.0.6&#8243; background_size=\u00bbinitial\u00bb background_position=\u00bbtop_left\u00bb background_repeat=\u00bbrepeat\u00bb max_width=\u00bb40px\u00bb module_alignment=\u00bbleft\u00bb height=\u00bb0px\u00bb custom_margin=\u00bb||10px|\u00bb animation_style=\u00bbzoom\u00bb animation_direction=\u00bbleft\u00bb saved_tabs=\u00bball\u00bb locked=\u00bboff\u00bb][\/et_pb_divider][et_pb_blurb use_icon=\u00bbon\u00bb font_icon=\u00bb%%86%%\u00bb use_circle=\u00bbon\u00bb circle_color=\u00bb#ffffff\u00bb use_circle_border=\u00bbon\u00bb icon_placement=\u00bbleft\u00bb _builder_version=\u00bb4.0.6&#8243; custom_padding=\u00bb|549px|7px|||\u00bb][\/et_pb_blurb][et_pb_text _builder_version=\u00bb4.0.6&#8243; text_font=\u00bb|300|||||||\u00bb text_text_color=\u00bb#666666&#8243; text_line_height=\u00bb1.4em\u00bb link_font=\u00bb||||||||\u00bb link_text_color=\u00bb#ffffff\u00bb header_font=\u00bbMontserrat|700|||||||\u00bb header_font_size=\u00bb42px\u00bb header_3_font=\u00bbMontserrat||||||||\u00bb header_3_text_color=\u00bb#339999&#8243; background_size=\u00bbinitial\u00bb background_position=\u00bbtop_left\u00bb background_repeat=\u00bbrepeat\u00bb custom_margin=\u00bb-20px||-1px|||\u00bb custom_padding=\u00bb0px|||||\u00bb header_font_size_last_edited=\u00bboff|desktop\u00bb locked=\u00bboff\u00bb inline_fonts=\u00bbTHE BOLD FONT\u00bb]<h1>La imagen audiovisual en el espacio del arte y el tiempo del <span style=\"color: #cc3366;\">Post-cine <\/span><\/h1>[\/et_pb_text][\/et_pb_column][\/et_pb_row][et_pb_row column_structure=\u00bb1_3,2_3&#8243; _builder_version=\u00bb4.0.6&#8243; custom_padding=\u00bb||0px|||\u00bb][et_pb_column type=\u00bb1_3&#8243; _builder_version=\u00bb4.0.6&#8243;][et_pb_text _builder_version=\u00bb4.0.6&#8243; text_font=\u00bb||||||||\u00bb text_text_color=\u00bb#666666&#8243; text_line_height=\u00bb1.4em\u00bb link_font=\u00bb||||||||\u00bb link_text_color=\u00bb#ffffff\u00bb header_font=\u00bbMontserrat|700|||||||\u00bb header_font_size=\u00bb42px\u00bb header_3_font=\u00bbTHE BOLD FONT||||||||\u00bb header_3_text_color=\u00bb#339999&#8243; background_size=\u00bbinitial\u00bb background_position=\u00bbtop_left\u00bb background_repeat=\u00bbrepeat\u00bb custom_margin=\u00bb-2px|-23px|23px|||\u00bb custom_padding=\u00bb0px|0px||||\u00bb header_font_size_last_edited=\u00bboff|desktop\u00bb inline_fonts=\u00bbTHE BOLD FONT\u00bb]<p style=\"text-align: justify;\"><span>La ponencia se centr\u00f3 en plantear, o, m\u00e1s bien replantear y problematizar, el tema de las relaciones entre la tradici\u00f3n f\u00edlmica (narrativa o experimental) de la imagen en movimiento y las artes pl\u00e1sticas en el \u00e1mbito contempor\u00e1neo. Para el marco de las presentes memorias el autor comparte el texto: El cine se instala en el Museo publicado en la revista <strong>Exit Express N\u00ba 20, pag. 8 de 2006. <\/strong><\/span><\/p>[\/et_pb_text][\/et_pb_column][et_pb_column type=\u00bb2_3&#8243; _builder_version=\u00bb4.0.6&#8243;][et_pb_text _builder_version=\u00bb4.0.6&#8243; text_font=\u00bb||||||||\u00bb text_text_color=\u00bb#666666&#8243; text_line_height=\u00bb1.4em\u00bb link_font=\u00bb||||||||\u00bb link_text_color=\u00bb#ffffff\u00bb header_font=\u00bbMontserrat|700|||||||\u00bb header_font_size=\u00bb42px\u00bb header_3_font=\u00bbTHE BOLD FONT||||||||\u00bb header_3_text_color=\u00bb#339999&#8243; background_size=\u00bbinitial\u00bb background_position=\u00bbtop_left\u00bb background_repeat=\u00bbrepeat\u00bb custom_margin=\u00bb4px||23px|-8px||\u00bb custom_padding=\u00bb|||5px||\u00bb header_font_size_last_edited=\u00bboff|desktop\u00bb inline_fonts=\u00bbTHE BOLD FONT,Montserrat\u00bb]<h3><span face=\"Montserrat\" style=\"font-family: Montserrat;\"><b>Taller en la cinemateca<\/b><\/span><\/h3>\n<h3><span style=\"font-size: 14px; color: #666666; font-family: 'Open Sans', Arial, sans-serif;\">Para el encuentro de Ecolog\u00edas Digitales en Alianza con la Cinemateca y el programa de Maestr\u00eda en Audiovisuales de la UdeA, se convocaron realizadores audiovisuales cuyos intereses se centran en la investigaci\u00f3n con archivos de diversa \u00edndole y que se encuentran en etapa de desarrollo de gui\u00f3n o producci\u00f3n de los mismos, para una serie de asesor\u00edas personalizadas con el invitado Antonio Weinrichter, la jornada se desarroll\u00f3 en el Teatro Lido el 11 de junio de 2019, contando adem\u00e1s en horas de la ma\u00f1ana, con un panorama de la producci\u00f3n audiovisual europea en torno a las pr\u00e1cticas desde el archivo. <\/span><span style=\"font-size: 14px; color: #666666; font-family: 'Open Sans', Arial, sans-serif;\">\u00a0<\/span><\/h3>[\/et_pb_text][\/et_pb_column][\/et_pb_row][et_pb_row _builder_version=\u00bb4.0.6&#8243; custom_margin=\u00bb|auto|-28px|auto||\u00bb custom_padding=\u00bb||0px|||\u00bb][et_pb_column type=\u00bb4_4&#8243; _builder_version=\u00bb4.0.6&#8243;][et_pb_divider divider_style=\u00bbdotted\u00bb divider_position=\u00bbcenter\u00bb _builder_version=\u00bb4.0.6&#8243; custom_margin=\u00bb-26px||18px|||\u00bb][\/et_pb_divider][\/et_pb_column][\/et_pb_row][\/et_pb_section][et_pb_section fb_built=\u00bb1&#8243; specialty=\u00bbon\u00bb _builder_version=\u00bb4.0.6&#8243; custom_padding=\u00bb1px|0px|5px|||\u00bb da_disable_devices=\u00bboff|off|off\u00bb da_is_popup=\u00bboff\u00bb da_exit_intent=\u00bboff\u00bb da_has_close=\u00bbon\u00bb da_alt_close=\u00bboff\u00bb da_dark_close=\u00bboff\u00bb da_not_modal=\u00bbon\u00bb da_is_singular=\u00bboff\u00bb da_with_loader=\u00bboff\u00bb da_has_shadow=\u00bbon\u00bb][et_pb_column type=\u00bb1_2&#8243; specialty_columns=\u00bb2&#8243; _builder_version=\u00bb3.25&#8243; custom_padding=\u00bb|||\u00bb custom_padding__hover=\u00bb|||\u00bb][et_pb_row_inner use_custom_gutter=\u00bbon\u00bb gutter_width=\u00bb1&#8243; _builder_version=\u00bb4.0.6&#8243; custom_margin=\u00bb-4px||-15px|||\u00bb][et_pb_column_inner saved_specialty_column_type=\u00bb1_2&#8243; _builder_version=\u00bb4.0.6&#8243;][et_pb_gallery posts_number=\u00bb8&#8243; show_title_and_caption=\u00bboff\u00bb zoom_icon_color=\u00bb#cc3366&#8243; hover_icon=\u00bb%%13%%\u00bb _builder_version=\u00bb4.4.9&#8243; custom_margin=\u00bb0px|0px|0px|0px|false|false\u00bb custom_padding=\u00bb0px|0px|0px|0px|false|false\u00bb hover_enabled=\u00bb0&#8243; gallery_ids=\u00bb485,486,487,488&#8243;][\/et_pb_gallery][\/et_pb_column_inner][\/et_pb_row_inner][et_pb_row_inner column_structure=\u00bb1_2,1_2&#8243; _builder_version=\u00bb4.0.6&#8243; custom_padding=\u00bb18px||29px|||\u00bb][et_pb_column_inner type=\u00bb1_2&#8243; saved_specialty_column_type=\u00bb1_2&#8243; _builder_version=\u00bb4.0.6&#8243;][et_pb_text _builder_version=\u00bb4.0.6&#8243; text_font=\u00bb||||||||\u00bb text_text_color=\u00bb#666666&#8243; text_line_height=\u00bb1.4em\u00bb link_font=\u00bb||||||||\u00bb link_text_color=\u00bb#ffffff\u00bb header_font=\u00bbMontserrat|700|||||||\u00bb header_font_size=\u00bb42px\u00bb header_3_font=\u00bbTHE BOLD FONT||||||||\u00bb header_3_text_color=\u00bb#339999&#8243; background_size=\u00bbinitial\u00bb background_position=\u00bbtop_left\u00bb background_repeat=\u00bbrepeat\u00bb custom_margin=\u00bb-2px|-165px|23px|||\u00bb custom_padding=\u00bb0px|0px||||\u00bb header_font_size_last_edited=\u00bboff|desktop\u00bb inline_fonts=\u00bbMontserrat\u00bb]<h3><strong><span style=\"font-family: Montserrat;\">Bibliograf\u00eda:\u00a0<\/span><\/strong><\/h3>\n<p><span style=\"color: #666666;\">El cine se instala en el museo.\u00a0Antonio A. Weinrichter L\u00f3pez.\u00a0Exit Express. Periodico Mensual de Informaci\u00f3n y debate sobre Arte, ISSN 1697-5405, N\u00ba. 20, 2006, p\u00e1g. 8<\/span><\/p>[\/et_pb_text][\/et_pb_column_inner][et_pb_column_inner type=\u00bb1_2&#8243; saved_specialty_column_type=\u00bb1_2&#8243; _builder_version=\u00bb4.0.6&#8243;][et_pb_button button_url=\u00bbhttps:\/\/ecologiasdigitales.org\/wp-content\/uploads\/2020\/07\/CINE-SE-INSTALA-EN-EL-MUSEO.pdf\u00bb url_new_window=\u00bbon\u00bb button_text=\u00bbVer texto\u00bb button_alignment=\u00bbright\u00bb _builder_version=\u00bb4.4.9&#8243; custom_button=\u00bbon\u00bb button_text_size=\u00bb15px\u00bb button_text_color=\u00bb#ffffff\u00bb button_bg_color=\u00bb#cc3366&#8243; button_border_color=\u00bb#ffffff\u00bb button_border_radius=\u00bb1px\u00bb button_icon=\u00bb%%115%%\u00bb button_icon_placement=\u00bbleft\u00bb button_on_hover=\u00bboff\u00bb custom_margin=\u00bb32px|||||\u00bb custom_padding=\u00bb11px|19px|15px|30px||\u00bb][\/et_pb_button][\/et_pb_column_inner][\/et_pb_row_inner][\/et_pb_column][et_pb_column type=\u00bb1_2&#8243; _builder_version=\u00bb3.25&#8243; custom_padding=\u00bb|||\u00bb custom_padding__hover=\u00bb|||\u00bb][et_pb_text _builder_version=\u00bb4.0.6&#8243; text_font=\u00bb||||||||\u00bb text_text_color=\u00bb#666666&#8243; text_line_height=\u00bb1.4em\u00bb link_font=\u00bb||||||||\u00bb link_text_color=\u00bb#ffffff\u00bb header_font=\u00bbMontserrat|700|||||||\u00bb header_font_size=\u00bb42px\u00bb header_3_font=\u00bbMontserrat|700|||||||\u00bb header_3_text_color=\u00bb#339999&#8243; background_size=\u00bbinitial\u00bb background_position=\u00bbtop_left\u00bb background_repeat=\u00bbrepeat\u00bb custom_margin=\u00bb-20px||-1px|||\u00bb custom_padding=\u00bb0px|||||\u00bb header_font_size_last_edited=\u00bboff|desktop\u00bb inline_fonts=\u00bbTHE BOLD FONT,Montserrat\u00bb]<h3><strong><span style=\"color: #cc3366; font-family: Montserrat;\">Antonio Weinrichter\u00a0<\/span><\/strong><\/h3>\n<blockquote>\n<p>Doctor en Historia del Cine por la Universidad Aut\u00f3noma de Madrid. Profesor de Comunicaci\u00f3n Audiovisual en la Universidad Carlos III de Madrid, de la Escuela de Cine de la Comunidad de Madrid y del Middlebury College. Es uno de los m\u00e1s destacados te\u00f3ricos espa\u00f1oles del documental contempor\u00e1neo, con libros que son ya referencia en la bibliograf\u00eda sobre el g\u00e9nero: El documentalismo en el siglo XXI (2010); Metraje encontrado. La apropiaci\u00f3n en el cine documental y experimental (2009); D-generaci\u00f3n. Experiencias subterr\u00e1neas de la no ficci\u00f3n espa\u00f1ola (2008); Caminar sobre hielo y fuego. Los documentales de Werner Herzog (2007); La forma que piensa. Tentativas en torno al cine-ensayo (2007); Myst\u00e8re Marker. Pasajes en la obra de Chris Marker (2006); Desv\u00edos de lo real. El cine de no ficci\u00f3n (2004).\u00a0<span style=\"font-size: 14px;\">Coordinador del festival de Las Palmas de Gran Canaria. Miembro del Comit\u00e9 Cient\u00edfico del Congreso Internacional sobre Cine Europeo Contempor\u00e1neo, Barcelona.\u00a0<\/span><span style=\"font-size: 14px;\">Miembro de la FIPRESCI (Federaci\u00f3n prensa cinematogr\u00e1fica) y NETPAC (Jurado especializado en cine asi\u00e1tico).<\/span><\/p>\n<\/blockquote>[\/et_pb_text][\/et_pb_column][\/et_pb_section][et_pb_section fb_built=\u00bb1&#8243; _builder_version=\u00bb4.0.6&#8243; custom_padding=\u00bb0px|||||\u00bb da_disable_devices=\u00bboff|off|off\u00bb da_is_popup=\u00bboff\u00bb da_exit_intent=\u00bboff\u00bb da_has_close=\u00bbon\u00bb da_alt_close=\u00bboff\u00bb da_dark_close=\u00bboff\u00bb da_not_modal=\u00bbon\u00bb da_is_singular=\u00bboff\u00bb da_with_loader=\u00bboff\u00bb da_has_shadow=\u00bbon\u00bb][et_pb_row _builder_version=\u00bb4.0.6&#8243; custom_padding=\u00bb1px|||||\u00bb][et_pb_column type=\u00bb4_4&#8243; _builder_version=\u00bb4.0.6&#8243;][et_pb_divider divider_style=\u00bbdotted\u00bb divider_position=\u00bbcenter\u00bb _builder_version=\u00bb4.0.6&#8243; custom_margin=\u00bb-2px||5px|||\u00bb][\/et_pb_divider][\/et_pb_column][\/et_pb_row][\/et_pb_section]\n","protected":false},"excerpt":{"rendered":"<p>La imagen audiovisual en el espacio del arte y el tiempo del Post-cine La ponencia se centr\u00f3 en plantear, o, m\u00e1s bien replantear y problematizar, el tema de las relaciones entre la tradici\u00f3n f\u00edlmica (narrativa o experimental) de la imagen en movimiento y las artes pl\u00e1sticas en el \u00e1mbito contempor\u00e1neo. Para el marco de las [&hellip;]<\/p>\n","protected":false},"author":1,"featured_media":487,"comment_status":"closed","ping_status":"open","sticky":false,"template":"","format":"standard","meta":{"_et_pb_use_builder":"on","_et_pb_old_content":"<!-- wp:divi\/placeholder \/-->","_et_gb_content_width":"1080","_coblocks_attr":"","_coblocks_dimensions":"","_coblocks_responsive_height":"","_coblocks_accordion_ie_support":"","om_disable_all_campaigns":false,"_monsterinsights_skip_tracking":false,"_monsterinsights_sitenote_active":false,"_monsterinsights_sitenote_note":"","_monsterinsights_sitenote_category":0,"_uf_show_specific_survey":0,"_uf_disable_surveys":false,"footnotes":""},"categories":[5],"tags":[],"class_list":["post-400","post","type-post","status-publish","format-standard","has-post-thumbnail","hentry","category-charlas"],"aioseo_notices":[],"_links":{"self":[{"href":"https:\/\/ecologiasdigitales.org\/en\/wp-json\/wp\/v2\/posts\/400","targetHints":{"allow":["GET"]}}],"collection":[{"href":"https:\/\/ecologiasdigitales.org\/en\/wp-json\/wp\/v2\/posts"}],"about":[{"href":"https:\/\/ecologiasdigitales.org\/en\/wp-json\/wp\/v2\/types\/post"}],"author":[{"embeddable":true,"href":"https:\/\/ecologiasdigitales.org\/en\/wp-json\/wp\/v2\/users\/1"}],"replies":[{"embeddable":true,"href":"https:\/\/ecologiasdigitales.org\/en\/wp-json\/wp\/v2\/comments?post=400"}],"version-history":[{"count":0,"href":"https:\/\/ecologiasdigitales.org\/en\/wp-json\/wp\/v2\/posts\/400\/revisions"}],"wp:featuredmedia":[{"embeddable":true,"href":"https:\/\/ecologiasdigitales.org\/en\/wp-json\/wp\/v2\/media\/487"}],"wp:attachment":[{"href":"https:\/\/ecologiasdigitales.org\/en\/wp-json\/wp\/v2\/media?parent=400"}],"wp:term":[{"taxonomy":"category","embeddable":true,"href":"https:\/\/ecologiasdigitales.org\/en\/wp-json\/wp\/v2\/categories?post=400"},{"taxonomy":"post_tag","embeddable":true,"href":"https:\/\/ecologiasdigitales.org\/en\/wp-json\/wp\/v2\/tags?post=400"}],"curies":[{"name":"wp","href":"https:\/\/api.w.org\/{rel}","templated":true}]}}