{"id":399,"date":"2020-07-07T22:39:14","date_gmt":"2020-07-08T03:39:14","guid":{"rendered":"https:\/\/ecologiasdigitales.org\/?p=399"},"modified":"2020-07-08T00:01:42","modified_gmt":"2020-07-08T05:01:42","slug":"algoritmos-codigos-arte","status":"publish","type":"post","link":"https:\/\/ecologiasdigitales.org\/en\/algoritmos-codigos-arte\/","title":{"rendered":"Conversatorio: Entre algoritmos,\u00a0c\u00f3digos y arte"},"content":{"rendered":"\n\n[et_pb_section fb_built=\u00bb1&#8243; _builder_version=\u00bb4.0.6&#8243; custom_padding=\u00bb0px||17px|||\u00bb da_is_popup=\u00bboff\u00bb da_exit_intent=\u00bboff\u00bb da_has_close=\u00bbon\u00bb da_alt_close=\u00bboff\u00bb da_dark_close=\u00bboff\u00bb da_not_modal=\u00bbon\u00bb da_is_singular=\u00bboff\u00bb da_with_loader=\u00bboff\u00bb da_has_shadow=\u00bbon\u00bb da_disable_devices=\u00bboff|off|off\u00bb][et_pb_row _builder_version=\u00bb4.0.6&#8243; custom_padding=\u00bb7px|||||\u00bb][et_pb_column type=\u00bb4_4&#8243; _builder_version=\u00bb4.0.6&#8243;][et_pb_divider color=\u00bb#cc3366&#8243; divider_weight=\u00bb4px\u00bb disabled_on=\u00bbon|on|off\u00bb _builder_version=\u00bb4.0.6&#8243; background_size=\u00bbinitial\u00bb background_position=\u00bbtop_left\u00bb background_repeat=\u00bbrepeat\u00bb max_width=\u00bb40px\u00bb module_alignment=\u00bbleft\u00bb height=\u00bb0px\u00bb custom_margin=\u00bb||10px|\u00bb animation_style=\u00bbzoom\u00bb animation_direction=\u00bbleft\u00bb saved_tabs=\u00bball\u00bb locked=\u00bboff\u00bb][\/et_pb_divider][et_pb_blurb use_icon=\u00bbon\u00bb font_icon=\u00bb%%86%%\u00bb use_circle=\u00bbon\u00bb circle_color=\u00bb#ffffff\u00bb use_circle_border=\u00bbon\u00bb icon_placement=\u00bbleft\u00bb _builder_version=\u00bb4.0.6&#8243; custom_padding=\u00bb|549px|7px|||\u00bb][\/et_pb_blurb][et_pb_text text_font=\u00bb|300|||||||\u00bb text_text_color=\u00bb#666666&#8243; text_line_height=\u00bb1.4em\u00bb link_font=\u00bb||||||||\u00bb link_text_color=\u00bb#ffffff\u00bb header_font=\u00bbMontserrat|700|||||||\u00bb header_font_size=\u00bb42px\u00bb background_size=\u00bbinitial\u00bb background_position=\u00bbtop_left\u00bb background_repeat=\u00bbrepeat\u00bb custom_margin=\u00bb-20px||-1px|||\u00bb custom_padding=\u00bb0px|||||\u00bb header_font_size_last_edited=\u00bboff|desktop\u00bb header_3_font=\u00bbMontserrat||||||||\u00bb header_3_text_color=\u00bb#339999&#8243; _builder_version=\u00bb4.0.6&#8243; locked=\u00bboff\u00bb inline_fonts=\u00bbTHE BOLD FONT\u00bb]<h1>Conversatorio: Entre algoritmos,\u00a0<span style=\"color: #cc3366;\">c\u00f3digos y arte<\/span><\/h1>[\/et_pb_text][\/et_pb_column][\/et_pb_row][et_pb_row use_custom_gutter=\u00bbon\u00bb gutter_width=\u00bb1&#8243; _builder_version=\u00bb4.0.6&#8243; custom_margin=\u00bb-4px||-15px|||\u00bb custom_padding=\u00bb1px||8px|||\u00bb][et_pb_column type=\u00bb4_4&#8243; _builder_version=\u00bb4.0.6&#8243;][et_pb_text text_font=\u00bb|300|||||||\u00bb text_text_color=\u00bb#666666&#8243; text_line_height=\u00bb1.4em\u00bb link_font=\u00bb||||||||\u00bb link_text_color=\u00bb#ffffff\u00bb header_font=\u00bbMontserrat|700|||||||\u00bb header_font_size=\u00bb42px\u00bb background_size=\u00bbinitial\u00bb background_position=\u00bbtop_left\u00bb background_repeat=\u00bbrepeat\u00bb custom_margin=\u00bb-20px||-1px|||\u00bb custom_padding=\u00bb0px|||||\u00bb header_font_size_last_edited=\u00bboff|desktop\u00bb header_3_font=\u00bbTHE BOLD FONT||||||||\u00bb header_3_text_color=\u00bb#339999&#8243; _builder_version=\u00bb4.0.6&#8243; inline_fonts=\u00bbTHE BOLD FONT\u00bb][\/et_pb_text][et_pb_gallery gallery_ids=\u00bb438,439,440,441&#8243; posts_number=\u00bb8&#8243; show_title_and_caption=\u00bboff\u00bb zoom_icon_color=\u00bb#cc3366&#8243; hover_icon=\u00bb%%13%%\u00bb _builder_version=\u00bb4.0.6&#8243; custom_margin=\u00bb15px|0px|0px|0px|false|false\u00bb custom_padding=\u00bb0px|0px|0px|0px|false|false\u00bb][\/et_pb_gallery][\/et_pb_column][\/et_pb_row][et_pb_row _builder_version=\u00bb4.0.6&#8243; custom_padding=\u00bb0px|||||\u00bb][et_pb_column type=\u00bb4_4&#8243; _builder_version=\u00bb4.0.6&#8243;][et_pb_audio audio=\u00bbhttps:\/\/ecologiasdigitales.org\/wp-content\/uploads\/2020\/07\/conversatorio_algoritmos-codigos-arte_ecologias-digitales-2019.mp3&#8243; title=\u00bbConversatorio Entre algoritmos, c\u00f3digos y arte.\u00bb artist_name=\u00bbEsteban Betancur, Fabi\u00e1n R\u00edos, Biografos-Colectivo de ilustraci\u00f3n, Semillero Cinevivo.\u00bb album_name=\u00bbCentro Cultural Facultad de Artes. Ecolog\u00edas Digitales 2019.\u00bb _builder_version=\u00bb4.4.9&#8243; custom_margin=\u00bb4px|||||\u00bb hover_enabled=\u00bb0&#8243; album_name__hover_enabled=\u00bboff|desktop\u00bb][\/et_pb_audio][\/et_pb_column][\/et_pb_row][et_pb_row _builder_version=\u00bb4.0.6&#8243; custom_padding=\u00bb||0px|||\u00bb][et_pb_column type=\u00bb4_4&#8243; _builder_version=\u00bb4.0.6&#8243;][et_pb_divider divider_style=\u00bbdotted\u00bb divider_position=\u00bbcenter\u00bb _builder_version=\u00bb4.0.6&#8243; custom_margin=\u00bb-10px||18px|||\u00bb][\/et_pb_divider][\/et_pb_column][\/et_pb_row][\/et_pb_section]\n\n","protected":false},"excerpt":{"rendered":"<p>Conversatorio: Entre algoritmos,\u00a0c\u00f3digos y arte<\/p>","protected":false},"author":1,"featured_media":441,"comment_status":"closed","ping_status":"open","sticky":false,"template":"","format":"standard","meta":{"_et_pb_use_builder":"on","_et_pb_old_content":"","_et_gb_content_width":"1080","_coblocks_attr":"","_coblocks_dimensions":"","_coblocks_responsive_height":"","_coblocks_accordion_ie_support":"","om_disable_all_campaigns":false,"_monsterinsights_skip_tracking":false,"_monsterinsights_sitenote_active":false,"_monsterinsights_sitenote_note":"","_monsterinsights_sitenote_category":0,"_uf_show_specific_survey":0,"_uf_disable_surveys":false,"footnotes":""},"categories":[5],"tags":[],"class_list":["post-399","post","type-post","status-publish","format-standard","has-post-thumbnail","hentry","category-charlas"],"aioseo_notices":[],"_links":{"self":[{"href":"https:\/\/ecologiasdigitales.org\/en\/wp-json\/wp\/v2\/posts\/399","targetHints":{"allow":["GET"]}}],"collection":[{"href":"https:\/\/ecologiasdigitales.org\/en\/wp-json\/wp\/v2\/posts"}],"about":[{"href":"https:\/\/ecologiasdigitales.org\/en\/wp-json\/wp\/v2\/types\/post"}],"author":[{"embeddable":true,"href":"https:\/\/ecologiasdigitales.org\/en\/wp-json\/wp\/v2\/users\/1"}],"replies":[{"embeddable":true,"href":"https:\/\/ecologiasdigitales.org\/en\/wp-json\/wp\/v2\/comments?post=399"}],"version-history":[{"count":0,"href":"https:\/\/ecologiasdigitales.org\/en\/wp-json\/wp\/v2\/posts\/399\/revisions"}],"wp:featuredmedia":[{"embeddable":true,"href":"https:\/\/ecologiasdigitales.org\/en\/wp-json\/wp\/v2\/media\/441"}],"wp:attachment":[{"href":"https:\/\/ecologiasdigitales.org\/en\/wp-json\/wp\/v2\/media?parent=399"}],"wp:term":[{"taxonomy":"category","embeddable":true,"href":"https:\/\/ecologiasdigitales.org\/en\/wp-json\/wp\/v2\/categories?post=399"},{"taxonomy":"post_tag","embeddable":true,"href":"https:\/\/ecologiasdigitales.org\/en\/wp-json\/wp\/v2\/tags?post=399"}],"curies":[{"name":"wp","href":"https:\/\/api.w.org\/{rel}","templated":true}]}}