{"id":396,"date":"2020-07-07T22:11:51","date_gmt":"2020-07-08T03:11:51","guid":{"rendered":"https:\/\/ecologiasdigitales.org\/?p=396"},"modified":"2020-07-07T23:59:38","modified_gmt":"2020-07-08T04:59:38","slug":"conversatorio-academico-con-el-museo-casa-de-la-memoria","status":"publish","type":"post","link":"https:\/\/ecologiasdigitales.org\/en\/conversatorio-academico-con-el-museo-casa-de-la-memoria\/","title":{"rendered":"Conversatorio acad\u00e9mico con el Museo Casa de la Memoria sobre la estrategia metodol\u00f3gica\u00a0T\u00edteres en pantalla"},"content":{"rendered":"\n\n[et_pb_section fb_built=\u00bb1&#8243; _builder_version=\u00bb4.0.6&#8243; custom_padding=\u00bb4px||17px|||\u00bb da_disable_devices=\u00bboff|off|off\u00bb da_is_popup=\u00bboff\u00bb da_exit_intent=\u00bboff\u00bb da_has_close=\u00bbon\u00bb da_alt_close=\u00bboff\u00bb da_dark_close=\u00bboff\u00bb da_not_modal=\u00bbon\u00bb da_is_singular=\u00bboff\u00bb da_with_loader=\u00bboff\u00bb da_has_shadow=\u00bbon\u00bb][et_pb_row _builder_version=\u00bb4.0.6&#8243;][et_pb_column type=\u00bb4_4&#8243; _builder_version=\u00bb4.0.6&#8243;][et_pb_divider color=\u00bb#cc3366&#8243; divider_weight=\u00bb4px\u00bb disabled_on=\u00bbon|on|off\u00bb _builder_version=\u00bb4.0.6&#8243; background_size=\u00bbinitial\u00bb background_position=\u00bbtop_left\u00bb background_repeat=\u00bbrepeat\u00bb max_width=\u00bb40px\u00bb module_alignment=\u00bbleft\u00bb height=\u00bb0px\u00bb custom_margin=\u00bb||10px|\u00bb animation_style=\u00bbzoom\u00bb animation_direction=\u00bbleft\u00bb saved_tabs=\u00bball\u00bb locked=\u00bboff\u00bb][\/et_pb_divider][et_pb_blurb use_icon=\u00bbon\u00bb font_icon=\u00bb%%86%%\u00bb use_circle=\u00bbon\u00bb circle_color=\u00bb#ffffff\u00bb use_circle_border=\u00bbon\u00bb icon_placement=\u00bbleft\u00bb _builder_version=\u00bb4.0.6&#8243; custom_padding=\u00bb|549px|7px|||\u00bb][\/et_pb_blurb][et_pb_text _builder_version=\u00bb4.4.9&#8243; text_font=\u00bb|300|||||||\u00bb text_text_color=\u00bb#666666&#8243; text_line_height=\u00bb1.4em\u00bb link_font=\u00bb||||||||\u00bb link_text_color=\u00bb#ffffff\u00bb header_font=\u00bbMontserrat|700|||||||\u00bb header_font_size=\u00bb42px\u00bb header_3_font=\u00bbMontserrat||||||||\u00bb header_3_text_color=\u00bb#339999&#8243; background_size=\u00bbinitial\u00bb background_position=\u00bbtop_left\u00bb background_repeat=\u00bbrepeat\u00bb custom_margin=\u00bb-20px||-1px|||\u00bb custom_padding=\u00bb0px|||||\u00bb header_font_size_last_edited=\u00bboff|desktop\u00bb locked=\u00bboff\u00bb inline_fonts=\u00bbTHE BOLD FONT\u00bb]<h1>Conversatorio acad\u00e9mico con el Museo Casa de la Memoria sobre la estrategia metodol\u00f3gica\u00a0<span style=\"color: #cc3366;\">T\u00edteres en pantalla<\/span><\/h1>[\/et_pb_text][\/et_pb_column][\/et_pb_row][et_pb_row use_custom_gutter=\u00bbon\u00bb gutter_width=\u00bb1&#8243; _builder_version=\u00bb4.0.6&#8243; custom_margin=\u00bb-4px||-15px|||\u00bb custom_padding=\u00bb1px|||||\u00bb][et_pb_column type=\u00bb4_4&#8243; _builder_version=\u00bb4.0.6&#8243;][et_pb_text _builder_version=\u00bb4.0.6&#8243; text_font=\u00bb|300|||||||\u00bb text_text_color=\u00bb#666666&#8243; text_line_height=\u00bb1.4em\u00bb link_font=\u00bb||||||||\u00bb link_text_color=\u00bb#ffffff\u00bb header_font=\u00bbMontserrat|700|||||||\u00bb header_font_size=\u00bb42px\u00bb header_3_font=\u00bbTHE BOLD FONT||||||||\u00bb header_3_text_color=\u00bb#339999&#8243; background_size=\u00bbinitial\u00bb background_position=\u00bbtop_left\u00bb background_repeat=\u00bbrepeat\u00bb custom_margin=\u00bb-20px||-1px|||\u00bb custom_padding=\u00bb0px|||||\u00bb header_font_size_last_edited=\u00bboff|desktop\u00bb inline_fonts=\u00bbTHE BOLD FONT\u00bb][\/et_pb_text][et_pb_gallery gallery_ids=\u00bb417,418,419,420,421,422&#8243; posts_number=\u00bb8&#8243; show_title_and_caption=\u00bboff\u00bb zoom_icon_color=\u00bb#cc3366&#8243; hover_icon=\u00bb%%13%%\u00bb _builder_version=\u00bb4.0.6&#8243; custom_margin=\u00bb15px|0px|0px|0px|false|false\u00bb custom_padding=\u00bb0px|0px|0px|0px|false|false\u00bb][\/et_pb_gallery][\/et_pb_column][\/et_pb_row][et_pb_row column_structure=\u00bb2_5,3_5&#8243; _builder_version=\u00bb4.0.6&#8243; custom_padding=\u00bb||0px|||\u00bb locked=\u00bboff\u00bb][et_pb_column type=\u00bb2_5&#8243; _builder_version=\u00bb4.0.6&#8243;][et_pb_text _builder_version=\u00bb4.0.6&#8243; text_font=\u00bb||||||||\u00bb text_text_color=\u00bb#666666&#8243; text_line_height=\u00bb1.4em\u00bb link_font=\u00bb||||||||\u00bb link_text_color=\u00bb#ffffff\u00bb header_font=\u00bbMontserrat|700|||||||\u00bb header_font_size=\u00bb42px\u00bb header_3_font=\u00bbTHE BOLD FONT||||||||\u00bb header_3_text_color=\u00bb#339999&#8243; background_size=\u00bbinitial\u00bb background_position=\u00bbtop_left\u00bb background_repeat=\u00bbrepeat\u00bb custom_margin=\u00bb-15px|-47px|23px|-8px||\u00bb custom_padding=\u00bb0px|||5px||\u00bb header_font_size_last_edited=\u00bboff|desktop\u00bb inline_fonts=\u00bbTHE BOLD FONT,Montserrat\u00bb]<blockquote>\n<p style=\"text-align: left;\">El grupo Hipertr\u00f3pico y el equipo de mediadores del Museo Casa de la Memoria de Medell\u00edn llevaron a cabo un encuentro en el que, a partir de una conversaci\u00f3n propositiva en mesa de trabajo creativa, identificaron posibilidades para articular la estrategia metodol\u00f3gica <em>T\u00edteres en Pantalla<\/em> a los proyectos y actividades del Museo. Lo anterior, teniendo en cuenta que dicha estrategia, producto de la investigaci\u00f3n <em>T\u00edteres, humanos y m\u00e1quinas<\/em> desarrollada por Hipertr\u00f3pico, podr\u00eda considerarse como herramienta mediadora entre el p\u00fablico infantil y las iniciativas u objetivos trazados por el Museo para acercarse y desarrollar proyectos con esta poblaci\u00f3n y sus familias.<\/p>\n<\/blockquote>[\/et_pb_text][\/et_pb_column][et_pb_column type=\u00bb3_5&#8243; _builder_version=\u00bb4.0.6&#8243;][et_pb_text _builder_version=\u00bb4.0.6&#8243; text_font=\u00bb||||||||\u00bb text_text_color=\u00bb#666666&#8243; text_line_height=\u00bb1.4em\u00bb link_font=\u00bb||||||||\u00bb link_text_color=\u00bb#ffffff\u00bb header_font=\u00bbMontserrat|700|||||||\u00bb header_font_size=\u00bb42px\u00bb header_3_font=\u00bbTHE BOLD FONT||||||||\u00bb header_3_text_color=\u00bb#339999&#8243; background_size=\u00bbinitial\u00bb background_position=\u00bbtop_left\u00bb background_repeat=\u00bbrepeat\u00bb custom_margin=\u00bb4px||23px|-8px||\u00bb custom_padding=\u00bb0px|||42px||\u00bb header_font_size_last_edited=\u00bboff|desktop\u00bb inline_fonts=\u00bbTHE BOLD FONT,Montserrat\u00bb]<p><span style=\"font-size: 14px;\">Una vez realizada la presentaci\u00f3n de cada asistente y socializado el car\u00e1cter institucional de los equipos de trabajo (mediadores y grupo de investigaci\u00f3n), los investigadores presentaron la plataforma <\/span><em style=\"font-size: 14px;\">T\u00edteres en Pantalla<\/em><span style=\"font-size: 14px;\"> (hom\u00f3nima a la estrategia) a los mediadores. para activar la lluvia de ideas, \u00e9stos fueron invitados a crear una historia, ilustrar los personajes y los escenarios en los cuales se desarrollaban las acciones. Las ilustraciones fueron digitalizadas y los mediadores presentaron sus creaciones a trav\u00e9s de la plataforma. Este espacio de di\u00e1logo creativo y experiencial permiti\u00f3 plantear una primera estrategia de cooperaci\u00f3n, la cual consisti\u00f3 en el dise\u00f1o de un taller que, en el marco de la agenda inaugurar de la Sala infantil del Museo y de las actividades desarrolladas en el evento acad\u00e9mico y expositivo Ecolog\u00edas Digitales 2019, invitara a los ni\u00f1os asistentes a la creaci\u00f3n de una historia sobre la sana convivencia.<\/span><\/p>\n<ul><\/ul>[\/et_pb_text][\/et_pb_column][\/et_pb_row][\/et_pb_section][et_pb_section fb_built=\u00bb1&#8243; _builder_version=\u00bb4.0.6&#8243; custom_padding=\u00bb0px|||||\u00bb da_disable_devices=\u00bboff|off|off\u00bb da_is_popup=\u00bboff\u00bb da_exit_intent=\u00bboff\u00bb da_has_close=\u00bbon\u00bb da_alt_close=\u00bboff\u00bb da_dark_close=\u00bboff\u00bb da_not_modal=\u00bbon\u00bb da_is_singular=\u00bboff\u00bb da_with_loader=\u00bboff\u00bb da_has_shadow=\u00bbon\u00bb][et_pb_row _builder_version=\u00bb4.0.6&#8243; custom_padding=\u00bb1px|||||\u00bb][et_pb_column type=\u00bb4_4&#8243; _builder_version=\u00bb4.0.6&#8243;][et_pb_divider divider_style=\u00bbdotted\u00bb divider_position=\u00bbcenter\u00bb _builder_version=\u00bb4.0.6&#8243; custom_margin=\u00bb-2px||5px|||\u00bb][\/et_pb_divider][\/et_pb_column][\/et_pb_row][\/et_pb_section]\n\n","protected":false},"excerpt":{"rendered":"<p>Conversatorio acad\u00e9mico con el Museo Casa de la Memoria sobre la estrategia metodol\u00f3gica\u00a0T\u00edteres en pantalla El grupo Hipertr\u00f3pico y el equipo de mediadores del Museo Casa de la Memoria de Medell\u00edn llevaron a cabo un encuentro en el que, a partir de una conversaci\u00f3n propositiva en mesa de trabajo creativa, identificaron posibilidades para articular la [&hellip;]<\/p>\n","protected":false},"author":1,"featured_media":417,"comment_status":"closed","ping_status":"open","sticky":false,"template":"","format":"standard","meta":{"_et_pb_use_builder":"on","_et_pb_old_content":"","_et_gb_content_width":"1080","_coblocks_attr":"","_coblocks_dimensions":"","_coblocks_responsive_height":"","_coblocks_accordion_ie_support":"","om_disable_all_campaigns":false,"_monsterinsights_skip_tracking":false,"_monsterinsights_sitenote_active":false,"_monsterinsights_sitenote_note":"","_monsterinsights_sitenote_category":0,"_uf_show_specific_survey":0,"_uf_disable_surveys":false,"footnotes":""},"categories":[5],"tags":[],"class_list":["post-396","post","type-post","status-publish","format-standard","has-post-thumbnail","hentry","category-charlas"],"aioseo_notices":[],"_links":{"self":[{"href":"https:\/\/ecologiasdigitales.org\/en\/wp-json\/wp\/v2\/posts\/396","targetHints":{"allow":["GET"]}}],"collection":[{"href":"https:\/\/ecologiasdigitales.org\/en\/wp-json\/wp\/v2\/posts"}],"about":[{"href":"https:\/\/ecologiasdigitales.org\/en\/wp-json\/wp\/v2\/types\/post"}],"author":[{"embeddable":true,"href":"https:\/\/ecologiasdigitales.org\/en\/wp-json\/wp\/v2\/users\/1"}],"replies":[{"embeddable":true,"href":"https:\/\/ecologiasdigitales.org\/en\/wp-json\/wp\/v2\/comments?post=396"}],"version-history":[{"count":0,"href":"https:\/\/ecologiasdigitales.org\/en\/wp-json\/wp\/v2\/posts\/396\/revisions"}],"wp:featuredmedia":[{"embeddable":true,"href":"https:\/\/ecologiasdigitales.org\/en\/wp-json\/wp\/v2\/media\/417"}],"wp:attachment":[{"href":"https:\/\/ecologiasdigitales.org\/en\/wp-json\/wp\/v2\/media?parent=396"}],"wp:term":[{"taxonomy":"category","embeddable":true,"href":"https:\/\/ecologiasdigitales.org\/en\/wp-json\/wp\/v2\/categories?post=396"},{"taxonomy":"post_tag","embeddable":true,"href":"https:\/\/ecologiasdigitales.org\/en\/wp-json\/wp\/v2\/tags?post=396"}],"curies":[{"name":"wp","href":"https:\/\/api.w.org\/{rel}","templated":true}]}}