{"id":363,"date":"2020-07-07T22:38:34","date_gmt":"2020-07-07T22:38:34","guid":{"rendered":"https:\/\/ecologiasdigitales.org\/?p=363"},"modified":"2020-07-07T23:53:18","modified_gmt":"2020-07-08T04:53:18","slug":"tep-casa-memoria","status":"publish","type":"post","link":"https:\/\/ecologiasdigitales.org\/en\/tep-casa-memoria\/","title":{"rendered":"Taller T\u00edteres en Pantalla en el Museo Casa de la Memoria"},"content":{"rendered":"\n\n\n[et_pb_section fb_built=\u00bb1&#8243; _builder_version=\u00bb4.0.6&#8243; custom_margin=\u00bb-42px|||||\u00bb custom_padding=\u00bb0px||17px|||\u00bb da_is_popup=\u00bboff\u00bb da_exit_intent=\u00bboff\u00bb da_has_close=\u00bbon\u00bb da_alt_close=\u00bboff\u00bb da_dark_close=\u00bboff\u00bb da_not_modal=\u00bbon\u00bb da_is_singular=\u00bboff\u00bb da_with_loader=\u00bboff\u00bb da_has_shadow=\u00bbon\u00bb da_disable_devices=\u00bboff|off|off\u00bb][et_pb_row _builder_version=\u00bb4.0.6&#8243; custom_padding=\u00bb0px||16px|||\u00bb][et_pb_column type=\u00bb4_4&#8243; _builder_version=\u00bb4.0.6&#8243;][et_pb_divider color=\u00bb#cc3366&#8243; divider_weight=\u00bb4px\u00bb disabled_on=\u00bbon|on|off\u00bb _builder_version=\u00bb4.0.6&#8243; background_size=\u00bbinitial\u00bb background_position=\u00bbtop_left\u00bb background_repeat=\u00bbrepeat\u00bb max_width=\u00bb40px\u00bb module_alignment=\u00bbleft\u00bb height=\u00bb0px\u00bb custom_margin=\u00bb||10px|\u00bb animation_style=\u00bbzoom\u00bb animation_direction=\u00bbleft\u00bb saved_tabs=\u00bball\u00bb locked=\u00bboff\u00bb][\/et_pb_divider][et_pb_blurb use_icon=\u00bbon\u00bb font_icon=\u00bb%%150%%\u00bb use_circle=\u00bbon\u00bb circle_color=\u00bb#ffffff\u00bb use_circle_border=\u00bbon\u00bb icon_placement=\u00bbleft\u00bb _builder_version=\u00bb4.0.6&#8243; custom_padding=\u00bb|549px|7px|||\u00bb][\/et_pb_blurb][et_pb_text text_font=\u00bb|300|||||||\u00bb text_text_color=\u00bb#666666&#8243; text_line_height=\u00bb1.4em\u00bb link_font=\u00bb||||||||\u00bb link_text_color=\u00bb#ffffff\u00bb header_font=\u00bbMontserrat|700|||||||\u00bb header_font_size=\u00bb42px\u00bb background_size=\u00bbinitial\u00bb background_position=\u00bbtop_left\u00bb background_repeat=\u00bbrepeat\u00bb custom_margin=\u00bb-20px||-1px|||\u00bb custom_padding=\u00bb0px|||||\u00bb header_font_size_last_edited=\u00bboff|desktop\u00bb header_3_font=\u00bbMontserrat||||||||\u00bb header_3_text_color=\u00bb#339999&#8243; _builder_version=\u00bb4.4.9&#8243; hover_enabled=\u00bb0&#8243; locked=\u00bboff\u00bb inline_fonts=\u00bbTHE BOLD FONT\u00bb]<h1>Taller T\u00edteres en Pantalla en el <span style=\"color: #cc3366;\">Museo Casa de la Memoria <\/span><\/h1>\n[\/et_pb_text][\/et_pb_column][\/et_pb_row][et_pb_row use_custom_gutter=\u00bbon\u00bb gutter_width=\u00bb1&#8243; _builder_version=\u00bb4.0.6&#8243; custom_margin=\u00bb1px|auto||auto||\u00bb custom_padding=\u00bb1px|||||\u00bb][et_pb_column type=\u00bb4_4&#8243; _builder_version=\u00bb4.0.6&#8243;][et_pb_gallery gallery_ids=\u00bb375,376,377,378,379,381,382,383,384,385,386,387,388,389&#8243; posts_number=\u00bb8&#8243; show_title_and_caption=\u00bboff\u00bb zoom_icon_color=\u00bb#cc3366&#8243; hover_icon=\u00bb%%13%%\u00bb _builder_version=\u00bb4.0.6&#8243; custom_margin=\u00bb15px|0px|0px|0px|false|false\u00bb custom_padding=\u00bb0px|0px|0px|0px|false|false\u00bb][\/et_pb_gallery][et_pb_text text_font=\u00bb||||||||\u00bb text_text_color=\u00bb#666666&#8243; text_line_height=\u00bb1.4em\u00bb link_font=\u00bb||||||||\u00bb link_text_color=\u00bb#ffffff\u00bb header_font=\u00bbMontserrat|700|||||||\u00bb header_font_size=\u00bb42px\u00bb background_size=\u00bbinitial\u00bb background_position=\u00bbtop_left\u00bb background_repeat=\u00bbrepeat\u00bb custom_margin=\u00bb-3px||-1px|||\u00bb custom_padding=\u00bb10px|||||\u00bb header_font_size_last_edited=\u00bboff|desktop\u00bb header_3_font=\u00bbMontserrat||||||||\u00bb header_3_text_color=\u00bb#339999&#8243; _builder_version=\u00bb4.0.6&#8243;]<p>En asocio con el equipo de mediadores del Museo Casa de la Memoria de Medell\u00edn, el grupo Hipertr\u00f3pico dise\u00f1\u00f3 un taller creativo para ni\u00f1os, articulando la estrategia metodol\u00f3gica <em>T\u00edteres en Pantalla<\/em> a la agenda inaugural de la Sala Infantil del Museo y a las actividades desarrolladas en el evento acad\u00e9mico y expositivo Ecolog\u00edas Digitales 2019. Dicha estrategia, producto de la investigaci\u00f3n denominada <em>T\u00edteres, humanos y m\u00e1quinas<\/em>, desarrollada por el grupo Hipertr\u00f3pico, tiene como eje transversal la metodolog\u00eda STEAM y busca favorecer la expresi\u00f3n creativa, el trabajo colaborativo y el intercambio cultural a partir de la creaci\u00f3n de historias y la construcci\u00f3n de personajes y escenarios, los cuales son posteriormente digitalizados para representar la historia a trav\u00e9s de la plataforma virtual hom\u00f3nima a la estrategia.<\/p>\n<p>\u00a0En el taller participaron 21 ni\u00f1os de diversas edades (oscilando entre los 3 y los 11 a\u00f1os), los cuales se distribuyeron en tres grupos de 7 integrantes acompa\u00f1ados por investigadores de Hipertr\u00f3pico y mediadores del Museo. El tema para la reflexi\u00f3n y construcci\u00f3n de las historias fue la sana convivencia. Como actividad inicial se realiz\u00f3 la lectura del cuento <em>El muro<\/em> (2015) escrito por Javier Sobrino e ilustrado por Nathalie Novi. Posteriormente, los investigadores invitaron a los ni\u00f1os a participar del taller y se comenz\u00f3 la creaci\u00f3n de historias, de las cuales derivaron los personajes y escenarios que fueron ilustrados. Una vez finalizado este momento, y contando con la digitalizaci\u00f3n de las ilustraciones, los ni\u00f1os, acompa\u00f1ados por un investigador, conocieron la plataforma <em>T\u00edteres en pantalla<\/em> y ensayaron la presentaci\u00f3n de sus historias. Finalizados los ensayos, cada equipo socializ\u00f3 su historia a los otros ni\u00f1os y a los padres de familia, quienes escucharon la narraci\u00f3n mientras observaban los personajes y escenarios en la pantalla. El taller tuvo una duraci\u00f3n total de 4 horas.<\/p>[\/et_pb_text][\/et_pb_column][\/et_pb_row][et_pb_row _builder_version=\u00bb4.0.6&#8243; custom_padding=\u00bb||0px|||\u00bb][et_pb_column type=\u00bb4_4&#8243; _builder_version=\u00bb4.0.6&#8243;][et_pb_divider divider_style=\u00bbdotted\u00bb divider_position=\u00bbcenter\u00bb _builder_version=\u00bb4.0.6&#8243; custom_margin=\u00bb-10px||18px|||\u00bb][\/et_pb_divider][\/et_pb_column][\/et_pb_row][\/et_pb_section]\n\n\n","protected":false},"excerpt":{"rendered":"<p>Taller T\u00edteres en Pantalla en el Museo Casa de la Memoria En asocio con el equipo de mediadores del Museo Casa de la Memoria de Medell\u00edn, el grupo Hipertr\u00f3pico dise\u00f1\u00f3 un taller creativo para ni\u00f1os, articulando la estrategia metodol\u00f3gica T\u00edteres en Pantalla a la agenda inaugural de la Sala Infantil del Museo y a las [&hellip;]<\/p>\n","protected":false},"author":1,"featured_media":376,"comment_status":"closed","ping_status":"open","sticky":false,"template":"","format":"standard","meta":{"_et_pb_use_builder":"on","_et_pb_old_content":"","_et_gb_content_width":"1080","_coblocks_attr":"","_coblocks_dimensions":"","_coblocks_responsive_height":"","_coblocks_accordion_ie_support":"","om_disable_all_campaigns":false,"_monsterinsights_skip_tracking":false,"_monsterinsights_sitenote_active":false,"_monsterinsights_sitenote_note":"","_monsterinsights_sitenote_category":0,"_uf_show_specific_survey":0,"_uf_disable_surveys":false,"footnotes":""},"categories":[8],"tags":[],"class_list":["post-363","post","type-post","status-publish","format-standard","has-post-thumbnail","hentry","category-talleres"],"aioseo_notices":[],"_links":{"self":[{"href":"https:\/\/ecologiasdigitales.org\/en\/wp-json\/wp\/v2\/posts\/363","targetHints":{"allow":["GET"]}}],"collection":[{"href":"https:\/\/ecologiasdigitales.org\/en\/wp-json\/wp\/v2\/posts"}],"about":[{"href":"https:\/\/ecologiasdigitales.org\/en\/wp-json\/wp\/v2\/types\/post"}],"author":[{"embeddable":true,"href":"https:\/\/ecologiasdigitales.org\/en\/wp-json\/wp\/v2\/users\/1"}],"replies":[{"embeddable":true,"href":"https:\/\/ecologiasdigitales.org\/en\/wp-json\/wp\/v2\/comments?post=363"}],"version-history":[{"count":0,"href":"https:\/\/ecologiasdigitales.org\/en\/wp-json\/wp\/v2\/posts\/363\/revisions"}],"wp:featuredmedia":[{"embeddable":true,"href":"https:\/\/ecologiasdigitales.org\/en\/wp-json\/wp\/v2\/media\/376"}],"wp:attachment":[{"href":"https:\/\/ecologiasdigitales.org\/en\/wp-json\/wp\/v2\/media?parent=363"}],"wp:term":[{"taxonomy":"category","embeddable":true,"href":"https:\/\/ecologiasdigitales.org\/en\/wp-json\/wp\/v2\/categories?post=363"},{"taxonomy":"post_tag","embeddable":true,"href":"https:\/\/ecologiasdigitales.org\/en\/wp-json\/wp\/v2\/tags?post=363"}],"curies":[{"name":"wp","href":"https:\/\/api.w.org\/{rel}","templated":true}]}}