{"id":317,"date":"2020-07-07T21:57:26","date_gmt":"2020-07-07T21:57:26","guid":{"rendered":"https:\/\/ecologiasdigitales.org\/?p=317"},"modified":"2020-07-07T23:52:48","modified_gmt":"2020-07-08T04:52:48","slug":"geometrias-geografias","status":"publish","type":"post","link":"https:\/\/ecologiasdigitales.org\/en\/geometrias-geografias\/","title":{"rendered":"Laboratorio \u00abGeometr\u00edas + Geograf\u00edas\u00bb"},"content":{"rendered":"\n\n[et_pb_section fb_built=\u00bb1&#8243; _builder_version=\u00bb4.0.6&#8243; custom_padding=\u00bb0px||0px|||\u00bb da_disable_devices=\u00bboff|off|off\u00bb da_is_popup=\u00bboff\u00bb da_exit_intent=\u00bboff\u00bb da_has_close=\u00bbon\u00bb da_alt_close=\u00bboff\u00bb da_dark_close=\u00bboff\u00bb da_not_modal=\u00bbon\u00bb da_is_singular=\u00bboff\u00bb da_with_loader=\u00bboff\u00bb da_has_shadow=\u00bbon\u00bb][et_pb_row _builder_version=\u00bb4.0.6&#8243; custom_margin=\u00bb-49px|auto||auto||\u00bb custom_padding=\u00bb6px||3px|||\u00bb][et_pb_column type=\u00bb4_4&#8243; _builder_version=\u00bb4.0.6&#8243;][et_pb_divider color=\u00bb#cc3366&#8243; divider_weight=\u00bb4px\u00bb disabled_on=\u00bbon|on|off\u00bb _builder_version=\u00bb4.0.6&#8243; background_size=\u00bbinitial\u00bb background_position=\u00bbtop_left\u00bb background_repeat=\u00bbrepeat\u00bb max_width=\u00bb40px\u00bb module_alignment=\u00bbleft\u00bb height=\u00bb0px\u00bb custom_margin=\u00bb||10px|\u00bb animation_style=\u00bbzoom\u00bb animation_direction=\u00bbleft\u00bb saved_tabs=\u00bball\u00bb locked=\u00bboff\u00bb][\/et_pb_divider][et_pb_blurb use_icon=\u00bbon\u00bb font_icon=\u00bb%%150%%\u00bb use_circle=\u00bbon\u00bb circle_color=\u00bb#ffffff\u00bb use_circle_border=\u00bbon\u00bb icon_placement=\u00bbleft\u00bb _builder_version=\u00bb4.0.6&#8243; custom_margin=\u00bb||30px|||\u00bb custom_padding=\u00bb|524px|8px|||\u00bb][\/et_pb_blurb][et_pb_text _builder_version=\u00bb4.0.6&#8243; text_font=\u00bbTHE BOLD FONT|300|||||||\u00bb text_text_color=\u00bb#c93294&#8243; text_line_height=\u00bb1.1em\u00bb link_font=\u00bb||||||||\u00bb link_text_color=\u00bb#ffffff\u00bb header_font=\u00bbMontserrat|700|||||||\u00bb header_font_size=\u00bb42px\u00bb header_3_font=\u00bbMontserrat||||||||\u00bb header_3_text_color=\u00bb#339999&#8243; background_size=\u00bbinitial\u00bb background_position=\u00bbtop_left\u00bb background_repeat=\u00bbrepeat\u00bb width=\u00bb100%\u00bb custom_margin=\u00bb-20px|18px|-1px|||\u00bb custom_padding=\u00bb0px|6px||||\u00bb header_font_size_last_edited=\u00bboff|desktop\u00bb locked=\u00bboff\u00bb inline_fonts=\u00bbTHE BOLD FONT\u00bb]<h1>Laboratorio Geometr\u00edas <span style=\"color: #cc3366;\">+<\/span> Geograf\u00edas:<\/h1>\n<h1><span style=\"color: #cc3366;\">Imagen y espacio en movimiento <\/span><\/h1>[\/et_pb_text][\/et_pb_column][\/et_pb_row][et_pb_row use_custom_gutter=\u00bbon\u00bb gutter_width=\u00bb1&#8243; _builder_version=\u00bb4.0.6&#8243; custom_margin=\u00bb-4px|||||\u00bb custom_padding=\u00bb3px||5px|||\u00bb][et_pb_column type=\u00bb4_4&#8243; _builder_version=\u00bb4.0.6&#8243;][et_pb_gallery gallery_ids=\u00bb313,314,315,316,318,320,321,322&#8243; posts_number=\u00bb8&#8243; show_title_and_caption=\u00bboff\u00bb zoom_icon_color=\u00bb#cc3366&#8243; hover_icon=\u00bb%%13%%\u00bb _builder_version=\u00bb4.4.9&#8243; custom_margin=\u00bb54px|0px|0px|0px|false|false\u00bb custom_padding=\u00bb0px|0px|29px|0px|false|false\u00bb][\/et_pb_gallery][\/et_pb_column][\/et_pb_row][et_pb_row column_structure=\u00bb1_3,2_3&#8243; _builder_version=\u00bb4.0.6&#8243; custom_padding=\u00bb10px||0px|||\u00bb][et_pb_column type=\u00bb1_3&#8243; _builder_version=\u00bb4.0.6&#8243;][et_pb_text _builder_version=\u00bb4.0.6&#8243; text_font=\u00bb|300|||||||\u00bb text_text_color=\u00bb#666666&#8243; text_line_height=\u00bb1.4em\u00bb link_font=\u00bb||||||||\u00bb link_text_color=\u00bb#ffffff\u00bb header_font=\u00bbMontserrat|700|||||||\u00bb header_font_size=\u00bb42px\u00bb header_3_font=\u00bbMontserrat||||||||\u00bb header_3_text_color=\u00bb#339999&#8243; background_size=\u00bbinitial\u00bb background_position=\u00bbtop_left\u00bb background_repeat=\u00bbrepeat\u00bb custom_margin=\u00bb-20px|-15px||-11px||\u00bb custom_padding=\u00bb0px|0px||||\u00bb header_font_size_last_edited=\u00bboff|desktop\u00bb inline_fonts=\u00bbBebas\u00bb]<blockquote>\n<p style=\"text-align: justify;\"><span style=\"color: #339999;\">El 31 de junio de 2019 inici\u00f3 un laboratorio pensado para que habitantes de los barrios Bello Oriente y San Javier (Comuna 13) pudieran crear una propuesta reflexiva acerca del concepto del espacio urbano, desde un punto de vista geom\u00e9trico, pero tambi\u00e9n de c\u00f3mo se generan lugares y fen\u00f3menos en el entorno urbano. Dicho laboratorio fue realizado en el proyecto de investigaci\u00f3n <em>Territorio_lab: Ciudadan\u00eda y Paz<\/em> liderado por el<em> Instituto de Estudios Regionales<\/em> (INER) y por el grupo de investigaci\u00f3n\u00a0 <em>Hipertr\u00f3pico, Convergencia entre arte y tecnolog\u00eda<\/em> de la Facultad de Artes de la Universidad de Antioquia.<\/span><\/p>\n<\/blockquote>[\/et_pb_text][\/et_pb_column][et_pb_column type=\u00bb2_3&#8243; _builder_version=\u00bb4.0.6&#8243;][et_pb_text _builder_version=\u00bb4.0.6&#8243; text_font=\u00bb||||||||\u00bb text_text_color=\u00bb#666666&#8243; text_line_height=\u00bb1.4em\u00bb link_font=\u00bb||||||||\u00bb link_text_color=\u00bb#ffffff\u00bb header_font=\u00bbMontserrat|700|||||||\u00bb header_font_size=\u00bb42px\u00bb header_3_font=\u00bbMontserrat||||||||\u00bb header_3_text_color=\u00bb#339999&#8243; background_size=\u00bbinitial\u00bb background_position=\u00bbtop_left\u00bb background_repeat=\u00bbrepeat\u00bb custom_margin=\u00bb0px||-1px|||\u00bb custom_padding=\u00bb0px|||||\u00bb header_font_size_last_edited=\u00bboff|desktop\u00bb]<p>El Laboratorio cont\u00f3 con el acompa\u00f1amiento de los profesores Esteban Garc\u00eda y Davin Huston de La Universidad de Purdue (Estados Unidos), quienes compartieron sus conocimientos previos sobre sobre la utilizaci\u00f3n de software libre (Processing\/Blender\/PureData\/Arduino)\u00a0 y la realizaci\u00f3n de objetos audiovisuales a trav\u00e9s de la fabricaci\u00f3n digital, lo cual\u00a0 permiti\u00f3 que los\u00a0 participantes desde su experiencia comunitaria lograr\u00e1n expresar a trav\u00e9s de la met\u00e1fora dos miradas reflexivas\u00a0 acerca del espacio habitado.<\/p>\n<p><span style=\"font-size: 14px;\">El laboratorio tuvo como resultado dos propuestas art\u00edsticas, una de ellas basada en la escasez de agua potable que diariamente padecen los habitantes del barrio Bello Oriente, mostrada a trav\u00e9s de una\u00a0 met\u00e1fora de un drag\u00f3n a gran escala, en la cual se proyect\u00f3 una red de agua so\u00f1ada. Otra de las propuestas fue la de los habitantes del barrio San Javier\u00a0 que buscaba resaltar el dise\u00f1o arquitect\u00f3nico y urban\u00edstico del barrio, el cual concluy\u00f3 con una pieza geom\u00e9trica a gran escala\u00a0 caracterizada\u00a0 por su animaci\u00f3n colorida y elocuente. Dichos resultados fueron mostrados por los participantes en cada uno de los dos barrios, quienes adem\u00e1s de mostrar una obra art\u00edstica decidieron compartir sus aprendizajes y experiencias durante el laboratorio.<\/span><\/p>[\/et_pb_text][\/et_pb_column][\/et_pb_row][\/et_pb_section][et_pb_section fb_built=\u00bb1&#8243; _builder_version=\u00bb4.0.6&#8243; custom_padding=\u00bb23px|||||\u00bb da_disable_devices=\u00bboff|off|off\u00bb da_is_popup=\u00bboff\u00bb da_exit_intent=\u00bboff\u00bb da_has_close=\u00bbon\u00bb da_alt_close=\u00bboff\u00bb da_dark_close=\u00bboff\u00bb da_not_modal=\u00bbon\u00bb da_is_singular=\u00bboff\u00bb da_with_loader=\u00bboff\u00bb da_has_shadow=\u00bbon\u00bb][et_pb_row _builder_version=\u00bb4.0.6&#8243; custom_padding=\u00bb||1px|||\u00bb][et_pb_column type=\u00bb4_4&#8243; _builder_version=\u00bb4.0.6&#8243;][et_pb_divider divider_style=\u00bbdotted\u00bb divider_position=\u00bbcenter\u00bb _builder_version=\u00bb4.0.6&#8243; custom_margin=\u00bb-20px||-11px|||\u00bb][\/et_pb_divider][et_pb_text _builder_version=\u00bb4.0.6&#8243; text_font=\u00bb|300|||||||\u00bb text_text_color=\u00bb#666666&#8243; text_line_height=\u00bb1.4em\u00bb link_font=\u00bb||||||||\u00bb link_text_color=\u00bb#ffffff\u00bb header_font=\u00bbMontserrat|700|||||||\u00bb header_font_size=\u00bb42px\u00bb header_3_font=\u00bbMontserrat|700|||||||\u00bb header_3_text_color=\u00bb#339999&#8243; background_size=\u00bbinitial\u00bb background_position=\u00bbtop_left\u00bb background_repeat=\u00bbrepeat\u00bb custom_margin=\u00bb||-10px|||\u00bb custom_padding=\u00bb17px|||||\u00bb header_font_size_last_edited=\u00bboff|desktop\u00bb]<h3><strong><span style=\"color: #cc3366;\">Obra Resultante:<\/span>\u00a0<\/strong>Videomapping drag\u00f3n de agua. Bello Oriente. 2019<\/h3>[\/et_pb_text][et_pb_divider divider_style=\u00bbdotted\u00bb divider_position=\u00bbcenter\u00bb _builder_version=\u00bb4.0.6&#8243; custom_margin=\u00bb2px||18px|||\u00bb][\/et_pb_divider][\/et_pb_column][\/et_pb_row][et_pb_row column_structure=\u00bb3_5,1_5,1_5&#8243; _builder_version=\u00bb4.0.6&#8243; custom_padding=\u00bb0px|||||\u00bb][et_pb_column type=\u00bb3_5&#8243; _builder_version=\u00bb4.0.6&#8243;][et_pb_gallery gallery_ids=\u00bb322&#8243; fullwidth=\u00bbon\u00bb hover_icon=\u00bb%%15%%\u00bb _builder_version=\u00bb4.4.9&#8243; background_layout=\u00bbdark\u00bb][\/et_pb_gallery][\/et_pb_column][et_pb_column type=\u00bb1_5&#8243; _builder_version=\u00bb4.0.6&#8243;][et_pb_text _builder_version=\u00bb4.0.6&#8243; text_font=\u00bb||||||||\u00bb text_text_color=\u00bb#666666&#8243; text_line_height=\u00bb1.4em\u00bb link_font=\u00bb||||||||\u00bb link_text_color=\u00bb#ffffff\u00bb header_font=\u00bbMontserrat|700|||||||\u00bb header_font_size=\u00bb42px\u00bb header_3_font=\u00bbMontserrat||||||||\u00bb header_3_text_color=\u00bb#339999&#8243; background_size=\u00bbinitial\u00bb background_position=\u00bbtop_left\u00bb background_repeat=\u00bbrepeat\u00bb custom_margin=\u00bb|-9px||||\u00bb custom_padding=\u00bb|0px||||\u00bb header_font_size_last_edited=\u00bboff|desktop\u00bb inline_fonts=\u00bbTHE BOLD FONT,Montserrat\u00bb]<p><span style=\"color: #339999; font-family: Montserrat; font-weight: normal; font-size: medium;\"><strong>Participantes: <\/strong><\/span><\/p>\n<ul>\n<li>Esteban Garc\u00eda Bravo<\/li>\n<li>Davin H. Huston<\/li>\n<li>Jhonny Restrepo<\/li>\n<li>Yesica Mar\u00edn Agudelo<\/li>\n<li>David Taborda<\/li>\n<li>Ram\u00f3n G\u00f3mez Olarte<\/li>\n<li>Valentina Correa Arango<\/li>\n<li>Luisa Fernanda Correa Jim\u00e9nez<\/li>\n<li>Carlos Mario S\u00e1nchez<\/li>\n<li>Alejandro Pimienta<\/li>\n<\/ul>[\/et_pb_text][\/et_pb_column][et_pb_column type=\u00bb1_5&#8243; _builder_version=\u00bb4.0.6&#8243;][et_pb_text _builder_version=\u00bb4.0.6&#8243; text_font=\u00bb||||||||\u00bb text_text_color=\u00bb#666666&#8243; text_line_height=\u00bb1.4em\u00bb link_font=\u00bb||||||||\u00bb link_text_color=\u00bb#ffffff\u00bb header_font=\u00bbMontserrat|700|||||||\u00bb header_font_size=\u00bb42px\u00bb header_3_font=\u00bbMontserrat||||||||\u00bb header_3_text_color=\u00bb#339999&#8243; background_size=\u00bbinitial\u00bb background_position=\u00bbtop_left\u00bb background_repeat=\u00bbrepeat\u00bb custom_margin=\u00bb14px|-38px||-12px||\u00bb custom_padding=\u00bb0px|||||\u00bb header_font_size_last_edited=\u00bboff|desktop\u00bb inline_fonts=\u00bbTHE BOLD FONT\u00bb]<ul>\n<li>Isabel Cristina Restrepo<\/li>\n<li>Juli\u00e1n Escobar<\/li>\n<li>Arney Herrera<\/li>\n<li>Astrid Damaris David Cuartas<\/li>\n<li>Maria Angelina Gonz\u00e1lez<\/li>\n<li>Manuela Arroyave Gonz\u00e1lez<\/li>\n<li>Daniel Gonz\u00e1lez Merch\u00e1n<\/li>\n<li>Anna Warnholz<\/li>\n<li>Diego Alejandro Guerra Londo\u00f1o<\/li>\n<li>Cristian Camilo Londo\u00f1o Morales<\/li>\n<\/ul>\n<p>&nbsp;<\/p>[\/et_pb_text][\/et_pb_column][\/et_pb_row][et_pb_row _builder_version=\u00bb4.0.6&#8243; custom_margin=\u00bb-32px|auto||auto||\u00bb custom_padding=\u00bb||1px|||\u00bb][et_pb_column type=\u00bb4_4&#8243; _builder_version=\u00bb4.0.6&#8243;][et_pb_divider divider_style=\u00bbdotted\u00bb divider_position=\u00bbcenter\u00bb _builder_version=\u00bb4.0.6&#8243; custom_margin=\u00bb-9px||18px|||\u00bb][\/et_pb_divider][\/et_pb_column][\/et_pb_row][\/et_pb_section]\n\n","protected":false},"excerpt":{"rendered":"<p>Laboratorio Geometr\u00edas + Geograf\u00edas: Imagen y espacio en movimiento El 31 de junio de 2019 inici\u00f3 un laboratorio pensado para que habitantes de los barrios Bello Oriente y San Javier (Comuna 13) pudieran crear una propuesta reflexiva acerca del concepto del espacio urbano, desde un punto de vista geom\u00e9trico, pero tambi\u00e9n de c\u00f3mo se generan [&hellip;]<\/p>\n","protected":false},"author":1,"featured_media":320,"comment_status":"closed","ping_status":"open","sticky":false,"template":"","format":"standard","meta":{"_et_pb_use_builder":"on","_et_pb_old_content":"","_et_gb_content_width":"1080","_coblocks_attr":"","_coblocks_dimensions":"","_coblocks_responsive_height":"","_coblocks_accordion_ie_support":"","om_disable_all_campaigns":false,"_monsterinsights_skip_tracking":false,"_monsterinsights_sitenote_active":false,"_monsterinsights_sitenote_note":"","_monsterinsights_sitenote_category":0,"_uf_show_specific_survey":0,"_uf_disable_surveys":false,"footnotes":""},"categories":[6],"tags":[],"class_list":["post-317","post","type-post","status-publish","format-standard","has-post-thumbnail","hentry","category-laboratorios"],"aioseo_notices":[],"_links":{"self":[{"href":"https:\/\/ecologiasdigitales.org\/en\/wp-json\/wp\/v2\/posts\/317","targetHints":{"allow":["GET"]}}],"collection":[{"href":"https:\/\/ecologiasdigitales.org\/en\/wp-json\/wp\/v2\/posts"}],"about":[{"href":"https:\/\/ecologiasdigitales.org\/en\/wp-json\/wp\/v2\/types\/post"}],"author":[{"embeddable":true,"href":"https:\/\/ecologiasdigitales.org\/en\/wp-json\/wp\/v2\/users\/1"}],"replies":[{"embeddable":true,"href":"https:\/\/ecologiasdigitales.org\/en\/wp-json\/wp\/v2\/comments?post=317"}],"version-history":[{"count":0,"href":"https:\/\/ecologiasdigitales.org\/en\/wp-json\/wp\/v2\/posts\/317\/revisions"}],"wp:featuredmedia":[{"embeddable":true,"href":"https:\/\/ecologiasdigitales.org\/en\/wp-json\/wp\/v2\/media\/320"}],"wp:attachment":[{"href":"https:\/\/ecologiasdigitales.org\/en\/wp-json\/wp\/v2\/media?parent=317"}],"wp:term":[{"taxonomy":"category","embeddable":true,"href":"https:\/\/ecologiasdigitales.org\/en\/wp-json\/wp\/v2\/categories?post=317"},{"taxonomy":"post_tag","embeddable":true,"href":"https:\/\/ecologiasdigitales.org\/en\/wp-json\/wp\/v2\/tags?post=317"}],"curies":[{"name":"wp","href":"https:\/\/api.w.org\/{rel}","templated":true}]}}