{"id":311,"date":"2020-07-07T21:47:43","date_gmt":"2020-07-07T21:47:43","guid":{"rendered":"https:\/\/ecologiasdigitales.org\/?p=311"},"modified":"2020-07-07T23:52:54","modified_gmt":"2020-07-08T04:52:54","slug":"territorios-sensoriales","status":"publish","type":"post","link":"https:\/\/ecologiasdigitales.org\/en\/territorios-sensoriales\/","title":{"rendered":"Laboratorio \u00abterritorios sensoriales\u00bb"},"content":{"rendered":"\n\n\n[et_pb_section fb_built=\u00bb1&#8243; _builder_version=\u00bb4.0.6&#8243; custom_padding=\u00bb0px||0px|||\u00bb da_disable_devices=\u00bboff|off|off\u00bb da_is_popup=\u00bboff\u00bb da_exit_intent=\u00bboff\u00bb da_has_close=\u00bbon\u00bb da_alt_close=\u00bboff\u00bb da_dark_close=\u00bboff\u00bb da_not_modal=\u00bbon\u00bb da_is_singular=\u00bboff\u00bb da_with_loader=\u00bboff\u00bb da_has_shadow=\u00bbon\u00bb][et_pb_row _builder_version=\u00bb4.0.6&#8243; custom_margin=\u00bb-43px|auto||auto||\u00bb custom_padding=\u00bb6px||3px|||\u00bb][et_pb_column type=\u00bb4_4&#8243; _builder_version=\u00bb4.0.6&#8243;][et_pb_divider color=\u00bb#cc3366&#8243; divider_weight=\u00bb4px\u00bb disabled_on=\u00bbon|on|off\u00bb _builder_version=\u00bb4.0.6&#8243; background_size=\u00bbinitial\u00bb background_position=\u00bbtop_left\u00bb background_repeat=\u00bbrepeat\u00bb max_width=\u00bb40px\u00bb module_alignment=\u00bbleft\u00bb height=\u00bb0px\u00bb custom_margin=\u00bb||10px|\u00bb animation_style=\u00bbzoom\u00bb animation_direction=\u00bbleft\u00bb saved_tabs=\u00bball\u00bb locked=\u00bboff\u00bb][\/et_pb_divider][et_pb_blurb use_icon=\u00bbon\u00bb font_icon=\u00bb%%150%%\u00bb use_circle=\u00bbon\u00bb circle_color=\u00bb#ffffff\u00bb use_circle_border=\u00bbon\u00bb icon_placement=\u00bbleft\u00bb _builder_version=\u00bb4.0.6&#8243; custom_margin=\u00bb||30px|||\u00bb custom_padding=\u00bb|524px|8px|||\u00bb][\/et_pb_blurb][et_pb_text _builder_version=\u00bb4.0.6&#8243; text_font=\u00bbTHE BOLD FONT|300|||||||\u00bb text_text_color=\u00bb#c93294&#8243; text_line_height=\u00bb1.1em\u00bb link_font=\u00bb||||||||\u00bb link_text_color=\u00bb#ffffff\u00bb header_font=\u00bbMontserrat|700|||||||\u00bb header_font_size=\u00bb42px\u00bb header_3_font=\u00bbMontserrat||||||||\u00bb header_3_text_color=\u00bb#339999&#8243; background_size=\u00bbinitial\u00bb background_position=\u00bbtop_left\u00bb background_repeat=\u00bbrepeat\u00bb width=\u00bb100%\u00bb custom_margin=\u00bb-20px|18px|-1px|||\u00bb custom_padding=\u00bb0px|6px||||\u00bb header_font_size_last_edited=\u00bboff|desktop\u00bb locked=\u00bboff\u00bb inline_fonts=\u00bbTHE BOLD FONT\u00bb]<h1>Laboratorio Territorios <span color=\"#cc3366\" style=\"color: #cc3366;\">sensoriales<\/span><\/h1>[\/et_pb_text][\/et_pb_column][\/et_pb_row][et_pb_row use_custom_gutter=\u00bbon\u00bb gutter_width=\u00bb1&#8243; _builder_version=\u00bb4.0.6&#8243; custom_margin=\u00bb-4px|||||\u00bb custom_padding=\u00bb||5px|||\u00bb][et_pb_column type=\u00bb4_4&#8243; _builder_version=\u00bb4.0.6&#8243;][et_pb_gallery posts_number=\u00bb6&#8243; show_title_and_caption=\u00bboff\u00bb zoom_icon_color=\u00bb#cc3366&#8243; hover_icon=\u00bb%%13%%\u00bb _builder_version=\u00bb4.4.9&#8243; custom_margin=\u00bb0px|0px|0px|0px|false|false\u00bb custom_padding=\u00bb0px|0px|0px|0px|false|false\u00bb hover_enabled=\u00bb0&#8243; gallery_ids=\u00bb346,345,344,343,342,341&#8243;][\/et_pb_gallery][\/et_pb_column][\/et_pb_row][et_pb_row column_structure=\u00bb1_3,2_3&#8243; _builder_version=\u00bb4.0.6&#8243; custom_margin=\u00bb42px|auto||auto||\u00bb custom_padding=\u00bb10px||0px|||\u00bb][et_pb_column type=\u00bb1_3&#8243; _builder_version=\u00bb4.0.6&#8243;][et_pb_text _builder_version=\u00bb4.0.6&#8243; text_font=\u00bb|300|||||||\u00bb text_text_color=\u00bb#666666&#8243; text_line_height=\u00bb1.4em\u00bb link_font=\u00bb||||||||\u00bb link_text_color=\u00bb#ffffff\u00bb header_font=\u00bbMontserrat|700|||||||\u00bb header_font_size=\u00bb42px\u00bb header_3_font=\u00bbMontserrat||||||||\u00bb header_3_text_color=\u00bb#339999&#8243; background_size=\u00bbinitial\u00bb background_position=\u00bbtop_left\u00bb background_repeat=\u00bbrepeat\u00bb custom_margin=\u00bb-20px|-15px||-11px||\u00bb custom_padding=\u00bb0px|0px||||\u00bb header_font_size_last_edited=\u00bboff|desktop\u00bb inline_fonts=\u00bbBebas\u00bb]<blockquote>\n<p><span style=\"color: #339999;\">Entre el 8 de abril y el 17 de octubre del a\u00f1o 2019 se realiz\u00f3 una experiencia sensorial denominada <em>Laboratorio Territorios Sensoriales<\/em>, en el cual participaron los asistentes al curso <em>Escritura Creativa<\/em>, desarrollado en la Biblioteca Gabriel Garc\u00eda M\u00e1rquez del barrio Doce de Octubre de la ciudad de Medell\u00edn. Dicha experiencia estuvo coordinada por integrantes del proyecto <em>Territorios Lab: Ciudadan\u00eda y paz<\/em>, liderado por el<em> Instituto de Estudios Regionales<\/em> (INER) y el grupo de investigaci\u00f3n <em>Hipertr\u00f3pico: Convergencia entre arte y tecnolog\u00eda<\/em> de la Universidad de Antioquia y acompa\u00f1ada por los estudiantes del curso de <em>Espacios y Objetos 3<\/em>D, ofertada por el programa Artes Pl\u00e1sticas\u00a0 de la Facultad de Artes de la Universidad de Antioquia.<\/span><\/p>\n<\/blockquote>[\/et_pb_text][\/et_pb_column][et_pb_column type=\u00bb2_3&#8243; _builder_version=\u00bb4.0.6&#8243;][et_pb_text _builder_version=\u00bb4.0.6&#8243; text_font=\u00bb||||||||\u00bb text_text_color=\u00bb#666666&#8243; text_line_height=\u00bb1.4em\u00bb link_font=\u00bb||||||||\u00bb link_text_color=\u00bb#ffffff\u00bb header_font=\u00bbMontserrat|700|||||||\u00bb header_font_size=\u00bb42px\u00bb header_3_font=\u00bbMontserrat||||||||\u00bb header_3_text_color=\u00bb#339999&#8243; background_size=\u00bbinitial\u00bb background_position=\u00bbtop_left\u00bb background_repeat=\u00bbrepeat\u00bb custom_margin=\u00bb-4px||-1px|||\u00bb custom_padding=\u00bb0px|||||\u00bb header_font_size_last_edited=\u00bboff|desktop\u00bb]<p>El <em>Laboratorio Territorios Sensoriales<\/em> consisti\u00f3 en un laboratorio colectivo en el que los integrantes del curso Escritura Creativa compartieron sus historias de vida respecto al c\u00f3mo se relacionan con el mundo desde sus discapacidades visuales o cognitivas. Historias como las de Don Luis, quien cont\u00f3 c\u00f3mo son sus recorridos que hace diariamente desde la biblioteca a su casa, la de Do\u00f1a Gloria quien al pasar por el parque del barrio lo \u00fanico que percibe es el olor de la ca\u00f1a dulce. \u00c9stas y otras historias inspiraron el modelado digital de cinco objetos tridimensionales relacionados con cada experiencia compartida.<\/p>\n<p>Las historias se articularon en una pieza interactiva con trazo cartogr\u00e1fico llamada Territorios Sensoriales. En ella se dispusieron las impresiones 3D de los Objetos digitales dise\u00f1ados por los estudiantes de Artes. A cada objeto se integr\u00f3 un\u00a0 sensor que permiti\u00f3 la reproducci\u00f3n sonora de las historias cada vez que el objeto se ubicar\u00e1 en la estructura central de la cartograf\u00eda, la cual correspond\u00eda a una abstracci\u00f3n a escala de la Biblioteca Gabriel Garc\u00eda M\u00e1rquez.<\/p>\n<p>Gestos como oler, tocar, observar y percibir el espacio habitado fueron algunos de los sentidos que se desarrollaron en el <em>Laboratorio Territorios Sensoriales<\/em>, el cual, adem\u00e1s de ser un espacio para escribir, dibujar y crear,\u00a0 permiti\u00f3 que personas con distintas capacidades visuales y cognitivas pudieran viajar a trav\u00e9s del uso del lenguaje y la imaginaci\u00f3n del otro. <\/p>[\/et_pb_text][\/et_pb_column][\/et_pb_row][\/et_pb_section][et_pb_section fb_built=\u00bb1&#8243; _builder_version=\u00bb4.0.6&#8243; custom_padding=\u00bb23px|||||\u00bb da_disable_devices=\u00bboff|off|off\u00bb da_is_popup=\u00bboff\u00bb da_exit_intent=\u00bboff\u00bb da_has_close=\u00bbon\u00bb da_alt_close=\u00bboff\u00bb da_dark_close=\u00bboff\u00bb da_not_modal=\u00bbon\u00bb da_is_singular=\u00bboff\u00bb da_with_loader=\u00bboff\u00bb da_has_shadow=\u00bbon\u00bb][et_pb_row _builder_version=\u00bb4.0.6&#8243; custom_padding=\u00bb||1px|||\u00bb][et_pb_column type=\u00bb4_4&#8243; _builder_version=\u00bb4.0.6&#8243;][et_pb_divider divider_style=\u00bbdotted\u00bb divider_position=\u00bbcenter\u00bb _builder_version=\u00bb4.0.6&#8243; custom_margin=\u00bb-20px||-11px|||\u00bb custom_padding=\u00bb||4px|||\u00bb][\/et_pb_divider][et_pb_text _builder_version=\u00bb4.0.6&#8243; text_font=\u00bb|300|||||||\u00bb text_text_color=\u00bb#666666&#8243; text_line_height=\u00bb1.4em\u00bb link_font=\u00bb||||||||\u00bb link_text_color=\u00bb#ffffff\u00bb header_font=\u00bbMontserrat|700|||||||\u00bb header_font_size=\u00bb42px\u00bb header_3_font=\u00bbMontserrat|700|||||||\u00bb header_3_text_color=\u00bb#339999&#8243; background_size=\u00bbinitial\u00bb background_position=\u00bbtop_left\u00bb background_repeat=\u00bbrepeat\u00bb custom_margin=\u00bb||-10px|||\u00bb custom_padding=\u00bb17px|||||\u00bb header_font_size_last_edited=\u00bboff|desktop\u00bb]<h3><strong><span style=\"color: #cc3366;\">Obra Resultante:<\/span>\u00a0<\/strong><\/h3>\n<h3>Pieza interactiva Territorios Sensoriales.\u00a0Laboratorio Territorios Sensoriales. 2019\u00a0<\/h3>[\/et_pb_text][et_pb_divider divider_style=\u00bbdotted\u00bb divider_position=\u00bbcenter\u00bb _builder_version=\u00bb4.0.6&#8243; custom_margin=\u00bb7px||18px|||\u00bb][\/et_pb_divider][\/et_pb_column][\/et_pb_row][et_pb_row column_structure=\u00bb3_5,1_5,1_5&#8243; _builder_version=\u00bb4.0.6&#8243; custom_padding=\u00bb0px|0px||||\u00bb][et_pb_column type=\u00bb3_5&#8243; _builder_version=\u00bb4.0.6&#8243;][et_pb_image src=\u00bbhttps:\/\/ecologiasdigitales.org\/wp-content\/uploads\/2020\/07\/Territorios-sensoriales.jpg\u00bb show_in_lightbox=\u00bbon\u00bb use_overlay=\u00bbon\u00bb overlay_icon_color=\u00bb#cc3366&#8243; hover_icon=\u00bb%%15%%\u00bb _builder_version=\u00bb4.0.6&#8243; custom_padding=\u00bb||35px|||\u00bb][\/et_pb_image][\/et_pb_column][et_pb_column type=\u00bb1_5&#8243; _builder_version=\u00bb4.0.6&#8243;][et_pb_text _builder_version=\u00bb4.0.6&#8243; text_font=\u00bb||||||||\u00bb text_text_color=\u00bb#666666&#8243; text_line_height=\u00bb1.4em\u00bb link_font=\u00bb||||||||\u00bb link_text_color=\u00bb#ffffff\u00bb header_font=\u00bbMontserrat|700|||||||\u00bb header_font_size=\u00bb42px\u00bb header_3_font=\u00bbMontserrat||||||||\u00bb header_3_text_color=\u00bb#339999&#8243; background_size=\u00bbinitial\u00bb background_position=\u00bbtop_left\u00bb background_repeat=\u00bbrepeat\u00bb custom_margin=\u00bb|-9px||-36px||\u00bb custom_padding=\u00bb|0px||||\u00bb header_font_size_last_edited=\u00bboff|desktop\u00bb inline_fonts=\u00bbTHE BOLD FONT,Montserrat\u00bb]<p><span style=\"color: #339999; font-family: Montserrat; font-weight: normal; font-size: medium;\"><strong>Participantes: <\/strong><\/span><\/p>\n<p><strong>Grupo Bibliolabs:<\/strong><\/p>\n<ul>\n<li>Anderson Silva Ocampo<\/li>\n<li>Norma Ibarg\u00fcen Martinez<\/li>\n<li>C\u00e9sar Mazo<\/li>\n<\/ul>\n<p><strong>Grupo Territorio Lab:<\/strong><\/p>\n<ul>\n<li>Alejandro Pimienta<\/li>\n<li>Isabel Cristina Restrepo<\/li>\n<li>Astrid Damaris David Cuartas<\/li>\n<li>Arney Herrera<\/li>\n<li>Valentina Arango Correa<\/li>\n<li>Luisa Correa<\/li>\n<li>Carlos Mario S\u00e1nchez<\/li>\n<\/ul>\n<p><strong>Grupo Modelado 3D:<\/strong><\/p>\n<ul>\n<li>Carolina Montoya Rivera<\/li>\n<li>Isabel Cristina Porras Palau<\/li>\n<li>Maria Alejandra Urrego<\/li>\n<li>Harold Jovany Tapasco Estrada<\/li>\n<li>Esteban Garc\u00eda Bravo<\/li>\n<\/ul>[\/et_pb_text][\/et_pb_column][et_pb_column type=\u00bb1_5&#8243; _builder_version=\u00bb4.0.6&#8243;][et_pb_text _builder_version=\u00bb4.0.6&#8243; text_font=\u00bb||||||||\u00bb text_text_color=\u00bb#666666&#8243; text_line_height=\u00bb1.4em\u00bb link_font=\u00bb||||||||\u00bb link_text_color=\u00bb#ffffff\u00bb header_font=\u00bbMontserrat|700|||||||\u00bb header_font_size=\u00bb42px\u00bb header_3_font=\u00bbMontserrat||||||||\u00bb header_3_text_color=\u00bb#339999&#8243; background_size=\u00bbinitial\u00bb background_position=\u00bbtop_left\u00bb background_repeat=\u00bbrepeat\u00bb custom_margin=\u00bb|-9px||-21px||\u00bb custom_padding=\u00bb34px|0px||3px||\u00bb header_font_size_last_edited=\u00bboff|desktop\u00bb inline_fonts=\u00bbTHE BOLD FONT\u00bb]<p><strong>Participantes\u00a0 del curso Escritura Creativa:<\/strong>\u00a0<\/p>\n<ul>\n<li>Gloria Edilma Restrepo Vasquez<\/li>\n<li>Juan David Montoya Otalvaro<\/li>\n<li>Natalia Mar\u00eda Guar\u00edn Salazar<\/li>\n<li>Maria Eugenia Gomez<\/li>\n<li>Diana Morales<\/li>\n<li>Luisa Mar\u00eda Isaza \u00c1lvarez<\/li>\n<li>Luis Fernando Posada Villa<\/li>\n<li>Jeraldin S\u00e1nchez R\u00edos<\/li>\n<li>Margarita Puerta<\/li>\n<li>Carlos Mario Gil Zuluaga<\/li>\n<\/ul>\n<p>&nbsp;<\/p>\n<ul><\/ul>[\/et_pb_text][\/et_pb_column][\/et_pb_row][et_pb_row _builder_version=\u00bb4.0.6&#8243; custom_margin=\u00bb-32px|auto||auto||\u00bb custom_padding=\u00bb||1px|||\u00bb][et_pb_column type=\u00bb4_4&#8243; _builder_version=\u00bb4.0.6&#8243;][et_pb_divider divider_style=\u00bbdotted\u00bb divider_position=\u00bbcenter\u00bb _builder_version=\u00bb4.0.6&#8243; custom_margin=\u00bb-9px||18px|||\u00bb][\/et_pb_divider][\/et_pb_column][\/et_pb_row][\/et_pb_section]\n\n\n","protected":false},"excerpt":{"rendered":"<p>Laboratorio Territorios sensoriales Entre el 8 de abril y el 17 de octubre del a\u00f1o 2019 se realiz\u00f3 una experiencia sensorial denominada Laboratorio Territorios Sensoriales, en el cual participaron los asistentes al curso Escritura Creativa, desarrollado en la Biblioteca Gabriel Garc\u00eda M\u00e1rquez del barrio Doce de Octubre de la ciudad de Medell\u00edn. Dicha experiencia estuvo [&hellip;]<\/p>\n","protected":false},"author":1,"featured_media":346,"comment_status":"closed","ping_status":"open","sticky":false,"template":"","format":"standard","meta":{"_et_pb_use_builder":"on","_et_pb_old_content":"","_et_gb_content_width":"1080","_coblocks_attr":"","_coblocks_dimensions":"","_coblocks_responsive_height":"","_coblocks_accordion_ie_support":"","om_disable_all_campaigns":false,"_monsterinsights_skip_tracking":false,"_monsterinsights_sitenote_active":false,"_monsterinsights_sitenote_note":"","_monsterinsights_sitenote_category":0,"_uf_show_specific_survey":0,"_uf_disable_surveys":false,"footnotes":""},"categories":[6],"tags":[],"class_list":["post-311","post","type-post","status-publish","format-standard","has-post-thumbnail","hentry","category-laboratorios"],"aioseo_notices":[],"_links":{"self":[{"href":"https:\/\/ecologiasdigitales.org\/en\/wp-json\/wp\/v2\/posts\/311","targetHints":{"allow":["GET"]}}],"collection":[{"href":"https:\/\/ecologiasdigitales.org\/en\/wp-json\/wp\/v2\/posts"}],"about":[{"href":"https:\/\/ecologiasdigitales.org\/en\/wp-json\/wp\/v2\/types\/post"}],"author":[{"embeddable":true,"href":"https:\/\/ecologiasdigitales.org\/en\/wp-json\/wp\/v2\/users\/1"}],"replies":[{"embeddable":true,"href":"https:\/\/ecologiasdigitales.org\/en\/wp-json\/wp\/v2\/comments?post=311"}],"version-history":[{"count":0,"href":"https:\/\/ecologiasdigitales.org\/en\/wp-json\/wp\/v2\/posts\/311\/revisions"}],"wp:featuredmedia":[{"embeddable":true,"href":"https:\/\/ecologiasdigitales.org\/en\/wp-json\/wp\/v2\/media\/346"}],"wp:attachment":[{"href":"https:\/\/ecologiasdigitales.org\/en\/wp-json\/wp\/v2\/media?parent=311"}],"wp:term":[{"taxonomy":"category","embeddable":true,"href":"https:\/\/ecologiasdigitales.org\/en\/wp-json\/wp\/v2\/categories?post=311"},{"taxonomy":"post_tag","embeddable":true,"href":"https:\/\/ecologiasdigitales.org\/en\/wp-json\/wp\/v2\/tags?post=311"}],"curies":[{"name":"wp","href":"https:\/\/api.w.org\/{rel}","templated":true}]}}