{"id":1824,"date":"2025-08-13T17:19:01","date_gmt":"2025-08-13T22:19:01","guid":{"rendered":"https:\/\/ecologiasdigitales.org\/?p=1824"},"modified":"2025-08-16T17:53:54","modified_gmt":"2025-08-16T22:53:54","slug":"exposicion-co-crea-raices-lab","status":"publish","type":"post","link":"https:\/\/ecologiasdigitales.org\/en\/exposicion-co-crea-raices-lab\/","title":{"rendered":"CO-CREA RAICES-LAB Exhibition"},"content":{"rendered":"<p>[et_pb_section fb_built=\u00bb1&#8243; _builder_version=\u00bb4.27.4&#8243; _module_preset=\u00bbdefault\u00bb width=\u00bb100%\u00bb max_width=\u00bb100%\u00bb module_alignment=\u00bbcenter\u00bb custom_margin=\u00bb0px||||false|false\u00bb custom_padding=\u00bb0px||0px||false|false\u00bb da_disable_devices=\u00bboff|off|off\u00bb global_colors_info=\u00bb{}\u00bb da_is_popup=\u00bboff\u00bb da_exit_intent=\u00bboff\u00bb da_has_close=\u00bbon\u00bb da_alt_close=\u00bboff\u00bb da_dark_close=\u00bboff\u00bb da_not_modal=\u00bbon\u00bb da_is_singular=\u00bboff\u00bb da_with_loader=\u00bboff\u00bb da_has_shadow=\u00bbon\u00bb][et_pb_row _builder_version=\u00bb4.27.4&#8243; _module_preset=\u00bbdefault\u00bb width=\u00bb100%\u00bb max_width=\u00bb100%\u00bb custom_margin=\u00bb0px||0px||false|false\u00bb custom_padding=\u00bb0px||0px||false|false\u00bb global_colors_info=\u00bb{}\u00bb][et_pb_column type=\u00bb4_4&#8243; _builder_version=\u00bb4.27.4&#8243; _module_preset=\u00bbdefault\u00bb global_colors_info=\u00bb{}\u00bb][et_pb_post_title author=\u00bboff\u00bb comments=\u00bboff\u00bb featured_placement=\u00bbbackground\u00bb _builder_version=\u00bb4.27.4&#8243; _module_preset=\u00bbdefault\u00bb title_text_color=\u00bb#FFFFFF\u00bb title_font_size=\u00bb3em\u00bb meta_text_color=\u00bb#06d6a0&#8243; background_color=\u00bb#f2296b\u00bb background_position=\u00bbbottom_center\u00bb background_vertical_offset=\u00bb14%\u00bb background_blend=\u00bbluminosity\u00bb module_alignment=\u00bbcenter\u00bb custom_padding=\u00bb80px||80px||true|false\u00bb title_font_size_tablet=\u00bb3em\u00bb title_font_size_phone=\u00bb2.1em\u00bb title_font_size_last_edited=\u00bbon|phone\u00bb meta_font_size_tablet=\u00bb\u00bb meta_font_size_phone=\u00bb12px\u00bb meta_font_size_last_edited=\u00bbon|phone\u00bb global_colors_info=\u00bb{}\u00bb][\/et_pb_post_title][\/et_pb_column][\/et_pb_row][\/et_pb_section][et_pb_section fb_built=\u00bb1&#8243; admin_label=\u00bbHeader\u00bb _builder_version=\u00bb4.27.4&#8243; _module_preset=\u00bbdefault\u00bb background_color=\u00bb#FFFFFF\u00bb custom_padding=\u00bb46px|||||\u00bb da_disable_devices=\u00bboff|off|off\u00bb locked=\u00bboff\u00bb collapsed=\u00bbon\u00bb global_colors_info=\u00bb{}\u00bb da_is_popup=\u00bboff\u00bb da_exit_intent=\u00bboff\u00bb da_has_close=\u00bbon\u00bb da_alt_close=\u00bboff\u00bb da_dark_close=\u00bboff\u00bb da_not_modal=\u00bbon\u00bb da_is_singular=\u00bboff\u00bb da_with_loader=\u00bboff\u00bb da_has_shadow=\u00bbon\u00bb][et_pb_row _builder_version=\u00bb4.27.4&#8243; _module_preset=\u00bbdefault\u00bb global_colors_info=\u00bb{}\u00bb][et_pb_column type=\u00bb4_4&#8243; _builder_version=\u00bb4.27.4&#8243; _module_preset=\u00bbdefault\u00bb global_colors_info=\u00bb{}\u00bb][et_pb_text _builder_version=\u00bb4.27.4&#8243; _module_preset=\u00bbdefault\u00bb text_text_color=\u00bb#000000&#8243; text_font_size=\u00bb22px\u00bb global_colors_info=\u00bb{}\u00bb]<\/p>\n<blockquote>\n<p><em><strong>Laboratorios de creaci\u00f3n en orfebrer\u00eda y fundici\u00f3n art\u00edstica como dispositivos para la recuperaci\u00f3n de la memoria y los saberes ancestrales en la comunidad ind\u00edgena de San Lorenzo, Riosucio, Caldas.<\/strong><\/em><\/p>\n<\/blockquote>\n<p>[\/et_pb_text][\/et_pb_column][\/et_pb_row][et_pb_row column_structure=\u00bb1_2,1_2&#8243; _builder_version=\u00bb4.27.4&#8243; _module_preset=\u00bbdefault\u00bb global_colors_info=\u00bb{}\u00bb][et_pb_column type=\u00bb1_2&#8243; _builder_version=\u00bb4.22.0&#8243; _module_preset=\u00bbdefault\u00bb global_colors_info=\u00bb{}\u00bb][et_pb_text _builder_version=\u00bb4.27.4&#8243; _module_preset=\u00bb_initial\u00bb text_font_size=\u00bb15px\u00bb global_colors_info=\u00bb{}\u00bb]<\/p>\n<p>Producto de un an\u00e1lisis cualitativo y epistemol\u00f3gico de las t\u00e9cnicas metal\u00fargicas en la orfebrer\u00eda precolombina y del desarrollo tecnol\u00f3gico en los procesos de fundici\u00f3n de bronce \u2014tanto en el arte tradicional como en el contempor\u00e1neo\u2014, esta exposici\u00f3n exhibe los resultados derivados de procesos investigativos, documentales, art\u00edsticos y de apropiaci\u00f3n social del conocimiento, llevados a cabo en laboratorios de creaci\u00f3n.<\/p>\n<p>Entre julio y agosto de 2024 y 2025, j\u00f3venes y adultos ind\u00edgenas de la comunidad de San Lorenzo (Riosucio, Caldas) participaron en actividades pedag\u00f3gicas y creativas en dos laboratorios de creaci\u00f3n desarrollados por docentes y estudiantes investigadores del grupo PRACMA de la Universidad de Caldas. Los resultados art\u00edsticos de los participantes demostraron que estos espacios, centrados en la ense\u00f1anza de t\u00e9cnicas de orfebrer\u00eda, fundici\u00f3n art\u00edstica, modelado y renderizado 3D, funcionaron como dispositivos pedag\u00f3gicos y tecnol\u00f3gicos claves para la recuperaci\u00f3n de la memoria ancestral y la generaci\u00f3n de nuevos ecosistemas creativos. Estos, a su vez, fortalecen y diversifican las expresiones culturales y art\u00edsticas de la comunidad ind\u00edgena de San Lorenzo.<\/p>\n<p>As\u00ed, CO-CREA-RA\u00cdCES-LAB se configura como una instalaci\u00f3n audiovisual experimental que integra esculturas, fotograf\u00edas y videos documentales, fruto de las actividades colaborativas entre investigadores y participantes. Este espacio de experimentaci\u00f3n escult\u00f3rica emergi\u00f3 del di\u00e1logo constante entre la investigaci\u00f3n y la creaci\u00f3n art\u00edstica. Con el prop\u00f3sito de impulsar metodolog\u00edas pedag\u00f3gicas y creativas que articularon actores acad\u00e9micos, comunitarios, etnogr\u00e1ficos y sociales, la muestra busca visibilizar tanto las obras como los procesos creativos desarrollados en la comunidad ind\u00edgena de San Lorenzo, Riosucio (Caldas).<\/p>\n<p>[\/et_pb_text][\/et_pb_column][et_pb_column type=\u00bb1_2&#8243; _builder_version=\u00bb4.27.4&#8243; _module_preset=\u00bbdefault\u00bb global_colors_info=\u00bb{}\u00bb][et_pb_image src=\u00bbhttps:\/\/ecologiasdigitales.org\/wp-content\/uploads\/2025\/08\/Cocrea-flyer-min.jpg\u00bb title_text=\u00bbCocrea-flyer-min\u00bb _builder_version=\u00bb4.27.4&#8243; _module_preset=\u00bbdefault\u00bb global_colors_info=\u00bb{}\u00bb][\/et_pb_image][\/et_pb_column][\/et_pb_row][et_pb_row _builder_version=\u00bb4.27.4&#8243; _module_preset=\u00bbdefault\u00bb][et_pb_column _builder_version=\u00bb4.27.4&#8243; _module_preset=\u00bbdefault\u00bb type=\u00bb4_4&#8243;][et_pb_video src=\u00bbhttps:\/\/youtu.be\/vnx9t9rHSRQ?si=e9wCWNP_hUvPM863&#8243; _builder_version=\u00bb4.27.4&#8243; _module_preset=\u00bbdefault\u00bb hover_enabled=\u00bb0&#8243; sticky_enabled=\u00bb0&#8243;][\/et_pb_video][\/et_pb_column][\/et_pb_row][et_pb_row _builder_version=\u00bb4.27.4&#8243; _module_preset=\u00bbdefault\u00bb hover_enabled=\u00bb0&#8243; global_colors_info=\u00bb{}\u00bb sticky_enabled=\u00bb0&#8243;][et_pb_column type=\u00bb4_4&#8243; _builder_version=\u00bb4.27.4&#8243; _module_preset=\u00bbdefault\u00bb global_colors_info=\u00bb{}\u00bb][et_pb_accordion open_toggle_text_color=\u00bb#6600cc\u00bb closed_toggle_background_color=\u00bbrgba(133,138,227,0.26)\u00bb toggle_icon=\u00bb&#xf067;||fa||900&#8243; icon_color=\u00bb#000000&#8243; _builder_version=\u00bb4.27.4&#8243; _module_preset=\u00bb_initial\u00bb toggle_text_color=\u00bb#6600cc\u00bb toggle_font_size=\u00bb17px\u00bb toggle_line_height=\u00bb1.4em\u00bb body_font_size=\u00bb15px\u00bb body_line_height=\u00bb1.8em\u00bb toggle_font_size_tablet=\u00bb16px\u00bb toggle_font_size_phone=\u00bb15px\u00bb toggle_font_size_last_edited=\u00bbon|desktop\u00bb border_radii=\u00bbon|10px|10px|10px|10px\u00bb border_width_all=\u00bb2px\u00bb border_color_all=\u00bbrgba(133,138,227,0.25)\u00bb border_radii_last_edited=\u00bboff|desktop\u00bb locked=\u00bboff\u00bb global_colors_info=\u00bb{}\u00bb][et_pb_accordion_item title=\u00bbSu t\u00edtulo va aqu\u00ed\u00bb _builder_version=\u00bb4.27.4&#8243; _module_preset=\u00bbdefault\u00bb custom_css_main_element=\u00bbdisplay:none\u00bb global_colors_info=\u00bb{}\u00bb open=\u00bbon\u00bb]<\/p>\n<p>Your content goes here. Edit or remove this text inline or in the module Content settings. You can also style every aspect of this content in the module Design settings and even apply custom CSS to this text in the module Advanced settings.<\/p>\n<p>[\/et_pb_accordion_item][et_pb_accordion_item title=\u00bbIntegrantes grupo de investigaci\u00f3n PRACMA\u00bb _builder_version=\u00bb4.27.4&#8243; _module_preset=\u00bbdefault\u00bb global_colors_info=\u00bb{}\u00bb open=\u00bboff\u00bb]<\/p>\n<ul>\n<li><strong>Andr\u00e9s Uriel P\u00e9rez Vallejo.<\/strong> Investigador principal y coordinador del grupo de investigaci\u00f3n PRACMA, profesor asociado Departamento de Artes Pl\u00e1sticas, Universidad de Caldas.<\/li>\n<li><strong>Luis Alfonso Ceballos Ceballos<\/strong>. Co-investigador, Profesor asociado Departamento de Artes Pl\u00e1sticas, Universidad de Caldas.<\/li>\n<li><strong>Jorge Humberto Espinosa.<\/strong> Co-investigador profesor Departamento de Artes Pl\u00e1sticas, Universidad de Caldas.<\/li>\n<li><strong>Giobany Smit Morales.<\/strong> Profesor Departamento de Artes Pl\u00e1sticas, Universidad de Caldas.<\/li>\n<li><strong>Ana Mar\u00eda Yepes Pava.<\/strong> Estudiante Programa de Artes Pl\u00e1sticas, Universidad de Caldas.<\/li>\n<li><strong>Mario Alexander S\u00e1nchez.<\/strong> Estudiante Programa de Artes Pl\u00e1sticas, Universidad de Caldas.<\/li>\n<li><strong>Jony Alejandro Serna Aguirre.<\/strong> Estudiante Programa de Artes Pl\u00e1sticas, Universidad de Caldas.<\/li>\n<li><strong>Jhon Sebasti\u00e1n Tabares Ceballos.<\/strong> Estudiante Programa de Artes Pl\u00e1sticas, Universidad de Caldas.<\/li>\n<li><strong>Hugo Ladino Lasso.<\/strong> Estudiante Maestr\u00eda en Artes, Universidad de Caldas.<\/li>\n<\/ul>\n<p>[\/et_pb_accordion_item][et_pb_accordion_item title=\u00bbProyectos de investigaci\u00f3n \u2013 creaci\u00f3n  apoyados por la Vicerrector\u00eda de investigaciones y posgrados de la Universidad de Caldas \u00bb _builder_version=\u00bb4.27.4&#8243; _module_preset=\u00bbdefault\u00bb body_font=\u00bb||||||||\u00bb body_font_size=\u00bb15px\u00bb global_colors_info=\u00bb{}\u00bb open=\u00bboff\u00bb]<\/p>\n<ul>\n<li>\n<p>Laboratorio de creaci\u00f3n en orfebrer\u00eda\u00a0 como dispositivo para la recuperaci\u00f3n de los saberes ancestrales y el patrimonio cultural en las comunidades ind\u00edgenas de Riosucio, Caldas (2024).<\/p>\n<\/li>\n<li>\n<p>10 Ecolog\u00edas Digitales. Laboratorio de creaci\u00f3n en modelado 3d y fundici\u00f3n art\u00edstica como dispositivo pedag\u00f3gico para la recuperaci\u00f3n de los saberes ancestrales en los ind\u00edgenas de San Lorenzo, Riosucio, Caldas (2025).<\/p>\n<\/li>\n<\/ul>\n<p>[\/et_pb_accordion_item][et_pb_accordion_item title=\u00bbProducci\u00f3n corto documental \u201cJUA\u201d\u00bb _builder_version=\u00bb4.27.4&#8243; _module_preset=\u00bbdefault\u00bb body_font=\u00bb||||||||\u00bb body_font_size=\u00bb15px\u00bb global_colors_info=\u00bb{}\u00bb open=\u00bboff\u00bb]<\/p>\n<ul>\n<li><strong>Direcci\u00f3n:<\/strong> Andr\u00e9s Uriel P\u00e9rez Vallejo \/ Centro de investigaci\u00f3n C-TRANSMEDIA<\/li>\n<li><strong>Director de fotograf\u00eda \/ Operador de c\u00e1mara:<\/strong> Daniel G\u00f3mez Restrepo \/ Andr\u00e9s Cardona Gonzales.<br \/><strong><\/strong><\/li>\n<li><strong>Sonido directo:<\/strong> Andr\u00e9s Cardona Gonzales \/ Daniel G\u00f3mez Restrepo.<br \/><strong><\/strong><\/li>\n<li><strong>Edici\u00f3n y montaje:<\/strong> Daniel G\u00f3mez Restrepo \/ Centro de investigaci\u00f3n C-TRANSMEDIA.<\/li>\n<\/ul>\n<p>&nbsp;<\/p>\n<p>[\/et_pb_accordion_item][et_pb_accordion_item title=\u00bbProducci\u00f3n corto documental \u201cCO-CREA-RAICES-LAB\u201d\u00bb _builder_version=\u00bb4.27.4&#8243; _module_preset=\u00bbdefault\u00bb body_font=\u00bb||||||||\u00bb body_font_size=\u00bb15px\u00bb global_colors_info=\u00bb{}\u00bb open=\u00bboff\u00bb]<\/p>\n<ul>\n<li><strong>Direcci\u00f3n: <\/strong>Andr\u00e9s Uriel P\u00e9rez Vallejo \/ Laboratorio de Investigaci\u00f3n MonitorLab.<\/li>\n<li><strong>Director de fotograf\u00eda \/ Operador de c\u00e1mara: <\/strong>Mario Alexander S\u00e1nchez Ocampo<\/li>\n<li><strong>Sonido directo: <\/strong>Mario Alexander S\u00e1nchez Ocampo.<\/li>\n<li><strong>Edici\u00f3n y montaje: <\/strong>Mario Alexander S\u00e1nchez Ocampo \/ Laboratorio de Investigaci\u00f3n MonitorLab.<\/li>\n<\/ul>\n<p>&nbsp;<\/p>\n<p>[\/et_pb_accordion_item][et_pb_accordion_item title=\u00bbGrupo de j\u00f3venes y adultos ind\u00edgenas participantes \u00bb _builder_version=\u00bb4.27.4&#8243; _module_preset=\u00bbdefault\u00bb global_colors_info=\u00bb{}\u00bb open=\u00bboff\u00bb]<\/p>\n<p>Yinet Lorena Ga\u00f1an \/ Andr\u00e9s Felipe Melchor T \/ Belisario Bueno Bueno \/ Jes\u00fas Bueno Ga\u00f1an \/ John Esteban Diaz \/ Janner Johao Aguirre G \/ Olga Lucia Ga\u00f1an \/ Luna Mar\u00eda Bueno Pati\u00f1o \/ Mar\u00eda Paulina Ga\u00f1an \/ Manuela Lucia Delgado<\/p>\n<p>[\/et_pb_accordion_item][et_pb_accordion_item title=\u00bb Laboratorios y semilleros de investigaci\u00f3n Universidad de Caldas\u00bb _builder_version=\u00bb4.27.4&#8243; _module_preset=\u00bbdefault\u00bb global_colors_info=\u00bb{}\u00bb open=\u00bboff\u00bb]<\/p>\n<p>Laboratorio de Investigaci\u00f3n MonitorLab \/ Semillero de Investigaci\u00f3n SIAM \/ Semillero en dise\u00f1o y creaci\u00f3n de seres fant\u00e1sticos<\/p>\n<p>[\/et_pb_accordion_item][\/et_pb_accordion][\/et_pb_column][\/et_pb_row][\/et_pb_section]<\/p>\n","protected":false},"excerpt":{"rendered":"<p>Laboratorios de creaci\u00f3n en orfebrer\u00eda y fundici\u00f3n art\u00edstica como dispositivos para la recuperaci\u00f3n de la memoria y los saberes ancestrales en la comunidad ind\u00edgena de San Lorenzo, Riosucio, Caldas<\/p>","protected":false},"author":1,"featured_media":1827,"comment_status":"closed","ping_status":"open","sticky":false,"template":"","format":"standard","meta":{"_et_pb_use_builder":"on","_et_pb_old_content":"","_et_gb_content_width":"2880","_coblocks_attr":"","_coblocks_dimensions":"","_coblocks_responsive_height":"","_coblocks_accordion_ie_support":"","om_disable_all_campaigns":false,"_monsterinsights_skip_tracking":false,"_monsterinsights_sitenote_active":false,"_monsterinsights_sitenote_note":"","_monsterinsights_sitenote_category":0,"_uf_show_specific_survey":0,"_uf_disable_surveys":false,"footnotes":""},"categories":[30],"tags":[],"class_list":["post-1824","post","type-post","status-publish","format-standard","has-post-thumbnail","hentry","category-10-ecologias-digitales"],"aioseo_notices":[],"_links":{"self":[{"href":"https:\/\/ecologiasdigitales.org\/en\/wp-json\/wp\/v2\/posts\/1824","targetHints":{"allow":["GET"]}}],"collection":[{"href":"https:\/\/ecologiasdigitales.org\/en\/wp-json\/wp\/v2\/posts"}],"about":[{"href":"https:\/\/ecologiasdigitales.org\/en\/wp-json\/wp\/v2\/types\/post"}],"author":[{"embeddable":true,"href":"https:\/\/ecologiasdigitales.org\/en\/wp-json\/wp\/v2\/users\/1"}],"replies":[{"embeddable":true,"href":"https:\/\/ecologiasdigitales.org\/en\/wp-json\/wp\/v2\/comments?post=1824"}],"version-history":[{"count":6,"href":"https:\/\/ecologiasdigitales.org\/en\/wp-json\/wp\/v2\/posts\/1824\/revisions"}],"predecessor-version":[{"id":1840,"href":"https:\/\/ecologiasdigitales.org\/en\/wp-json\/wp\/v2\/posts\/1824\/revisions\/1840"}],"wp:featuredmedia":[{"embeddable":true,"href":"https:\/\/ecologiasdigitales.org\/en\/wp-json\/wp\/v2\/media\/1827"}],"wp:attachment":[{"href":"https:\/\/ecologiasdigitales.org\/en\/wp-json\/wp\/v2\/media?parent=1824"}],"wp:term":[{"taxonomy":"category","embeddable":true,"href":"https:\/\/ecologiasdigitales.org\/en\/wp-json\/wp\/v2\/categories?post=1824"},{"taxonomy":"post_tag","embeddable":true,"href":"https:\/\/ecologiasdigitales.org\/en\/wp-json\/wp\/v2\/tags?post=1824"}],"curies":[{"name":"wp","href":"https:\/\/api.w.org\/{rel}","templated":true}]}}